{"id":130292,"date":"2019-01-08T14:41:11","date_gmt":"2019-01-08T16:41:11","guid":{"rendered":"https:\/\/diarioregionaldigital.com.br\/?p=130292"},"modified":"2019-01-14T15:01:24","modified_gmt":"2019-01-14T17:01:24","slug":"papa-aos-diplomatas-nacionalismos-nao-prevalecam-sobre-a-justica-e-o-direito","status":"publish","type":"post","link":"https:\/\/diarioregionaldigital.com.br\/?p=130292","title":{"rendered":"Papa aos diplomatas: nacionalismos n\u00e3o prevale\u00e7am sobre a justi\u00e7a e o direito"},"content":{"rendered":"<p>O Papa Francisco realizou-se na manh\u00e3 desta segunda-feira, 7, uma das audi\u00eancias mais importantes no Vaticano: o Papa recebeu os membros do corpo diplom\u00e1tico acreditado junto \u00e0 Santa S\u00e9 para as felicita\u00e7\u00f5es de ano novo.<\/p>\n<p>Como \u00e9 tradi\u00e7\u00e3o, em seu discurso o Pont\u00edfice faz uma an\u00e1lise da conjuntura internacional, com considera\u00e7\u00f5es sobre acontecimentos passados e desafios no futuro pr\u00f3ximo.<\/p>\n<p><strong>Diplomacia<br \/>\n<\/strong>Esta tamb\u00e9m \u00e9 a ocasi\u00e3o em que o Papa cita os acordos estipulados com a Santa S\u00e9 no decorrer do \u00faltimo ano e os pa\u00edses visitados recentemente e a serem visitados nos pr\u00f3ximos meses: Panam\u00e1, Marrocos e Emirados \u00c1rabes Unidos.<\/p>\n<p>\u201cA Santa S\u00e9 n\u00e3o pretende imiscuir-se na vida dos Estados, mas aspira a ser uma ouvinte sol\u00edcita e sens\u00edvel das problem\u00e1ticas que dizem respeito \u00e0 humanidade, com o prop\u00f3sito sincero e humilde de se colocar ao servi\u00e7o do bem de todo o ser humano\u201d, afirmou Francisco, refor\u00e7ando a tradi\u00e7\u00e3o diplom\u00e1tica da Santa S\u00e9.<\/p>\n<p>De fato, a Santa S\u00e9 mant\u00e9m rela\u00e7\u00f5es com 183 Estados, al\u00e9m da Uni\u00e3o Europeia e da Soberana Militar Ordem de Malta.<\/p>\n<p>\u201cPremissa indispens\u00e1vel para o sucesso da diplomacia multilateral s\u00e3o a boa vontade e a boa-f\u00e9 dos interlocutores\u201d, declarou o Pont\u00edfice, manifestando sua preocupa\u00e7\u00e3o com o ressurgimento de tend\u00eancias nacionalistas, com a busca de solu\u00e7\u00f5es unilaterais e a opress\u00e3o do mais fraco pelo mais forte. A globaliza\u00e7\u00e3o deve ser uma oportunidade de desenvolvimento e n\u00e3o desencadear novas formas de coloniza\u00e7\u00e3o.<\/p>\n<p>\u201cA paz n\u00e3o \u00e9 jamais um bem de parte, mas abra\u00e7a todo o g\u00eanero humano\u201d, recordou o Papa, sendo o respeito pela dignidade de cada ser humano o fundamento para toda a conviv\u00eancia realmente pac\u00edfica.<\/p>\n<p>Para Francisco, o bom pol\u00edtico n\u00e3o deve ocupar espa\u00e7os, mas iniciar processos.<\/p>\n<p><strong>A defesa dos mais fracos<br \/>\n<\/strong>O Papa manifestou sua preocupa\u00e7\u00e3o com alguns temas e pa\u00edses, como por exemplo a \u201camada Nicar\u00e1gua, cuja situa\u00e7\u00e3o acompanho de perto com esperan\u00e7a\u201d.<\/p>\n<p>Ainda na Am\u00e9rica Latina, o Pont\u00edfice mencionou a Venezuela e agradeceu o acolhimento de migrantes por parte da Col\u00f4mbia.<\/p>\n<p>Entre as pessoas sem voz do nosso tempo, Francisco lembrou as v\u00edtimas de guerras em curso, especialmente na S\u00edria e em alguns pa\u00edses africanos, como Mali, N\u00edger e Nig\u00e9ria. I\u00eamen e Iraque tamb\u00e9m foram citados.<\/p>\n<p>No Oriente M\u00e9dio, o Santo Padre falou da import\u00e2ncia da presen\u00e7a dos crist\u00e3os e da tens\u00e3o persistente entre israelenses e palestinos.<\/p>\n<p>A dificuldade que a comunidade internacional tem tido em lidar com o fen\u00f4meno migrat\u00f3rio tamb\u00e9m fez parte do discurso do Papa:<\/p>\n<p>\u201cMais uma vez desejo chamar a aten\u00e7\u00e3o dos governos para todos aqueles que tiveram de emigrar por causa do flagelo da pobreza, de todo o g\u00eanero de viol\u00eancia e persegui\u00e7\u00e3o, bem como das cat\u00e1strofes naturais e das perturba\u00e7\u00f5es clim\u00e1ticas, pedindo que se facilitem as medidas que permitam a sua integra\u00e7\u00e3o social nos pa\u00edses de acolhimento. \u201d<\/p>\n<p>Diante da tend\u00eancia da Europa e da Am\u00e9rica do Norte de fechar as fronteiras, Francisco recordou: \u201cTodo ser humano anseia por uma vida melhor e mais feliz e n\u00e3o se pode resolver o desafio da migra\u00e7\u00e3o com a l\u00f3gica da viol\u00eancia e do descarte nem com solu\u00e7\u00f5es parciais\u201d.<\/p>\n<p>O Papa citou a import\u00e2ncia da aprova\u00e7\u00e3o dos dois Pactos Globais sobre Refugiados e sobre a Migra\u00e7\u00e3o segura, ordenada e regular, n\u00e3o obstante existam ressalvas quanto a certas terminologias adotadas.<\/p>\n<p><strong>Inf\u00e2ncia e juventude<br \/>\n<\/strong>Os jovens e as crian\u00e7as n\u00e3o ficaram de fora do discurso do Papa. De modo especial, ele recordou este ano o trig\u00e9simo anivers\u00e1rio da Conven\u00e7\u00e3o sobre os Direitos da Crian\u00e7a.<\/p>\n<p>Nesta circunst\u00e2ncia, Francisco falou dos abusos contra os menores, que \u201cconstituem um dos mais vis e nefastos crimes poss\u00edveis\u201d, cometidos tamb\u00e9m por v\u00e1rios membros do clero.<\/p>\n<p>\u201cA Santa S\u00e9 e toda a Igreja est\u00e3o se esfor\u00e7ando por combater e prevenir tais delitos e o seu encobrimento, acertar a verdade dos fatos em que est\u00e3o envolvidos cl\u00e9rigos e fazer justi\u00e7a aos menores que sofreram viol\u00eancias sexuais, agravadas por abusos de poder e de consci\u00eancia\u201d, reiterou o Pont\u00edfice, recordando o encontro em fevereiro pr\u00f3ximo com os Episcopados de todo o mundo.<\/p>\n<p><strong>Mulheres<br \/>\n<\/strong>A viol\u00eancia contra a mulher tamb\u00e9m foi condenada pelo Santo Padre.<\/p>\n<p>\u201c\u00c9 urgente descobrir formas de rela\u00e7\u00f5es justas e equilibradas, defendeu Francisco, sem desnaturar, por\u00e9m, \u201co pr\u00f3prio ser homem ou mulher\u201d.<\/p>\n<p>A discrimina\u00e7\u00e3o das mulheres no trabalho tamb\u00e9m deve ser combatida. E por falar em trabalho, o Pont\u00edfice falou das condi\u00e7\u00f5es laborais que muitas vezes levam a uma forma moderna de escravid\u00e3o, onde inclusive crian\u00e7as s\u00e3o manipuladas.<\/p>\n<p><strong>Construtores da paz<br \/>\n<\/strong>Em meio a preocupa\u00e7\u00f5es, h\u00e1 iniciativas e acordos a serem louvados, como no caso da Ucr\u00e2nia, da pen\u00ednsula coreana, do Sud\u00e3o do Sul, da Eti\u00f3pia e da Eritreia.<\/p>\n<p>\u00c0 \u00c1frica, em especial, o Pont\u00edfice dedicou um inteiro par\u00e1grafo para ressaltar o \u201cpotencial dinamismo positivo\u201d do continente, que nos \u00faltimos tempos tem implementado iniciativas de inclus\u00e3o e desenvolvimento.<\/p>\n<p><strong>Repensar o nosso destino comum<br \/>\n<\/strong>Por fim, o Papa recordou um tra\u00e7o da diplomacia multilateral: o futuro.<\/p>\n<p>Neste contexto, Francisco falou de dois temas em particular: a corrida armamentista e o meio ambiente.<\/p>\n<p>\u201cInfelizmente, pesa constatar que o mercado das armas n\u00e3o s\u00f3 n\u00e3o parece sofrer interrup\u00e7\u00e3o, mas ao contr\u00e1rio existe uma tend\u00eancia cada vez mais difusa para se armar por parte tanto dos indiv\u00edduos como dos Estados.\u201d<\/p>\n<p><strong>Amaz\u00f4nia<br \/>\n<\/strong>Quanto \u00e0 preserva\u00e7\u00e3o do meio ambiente, o Santo Padre recordou que \u201ca Terra \u00e9 de todos e as consequ\u00eancias da sua explora\u00e7\u00e3o recaem sobre toda a popula\u00e7\u00e3o mundial, com efeitos mais dram\u00e1ticos em algumas regi\u00f5es\u201d.<\/p>\n<p>Entre essas regi\u00f5es, Francisco mencionou a Amaz\u00f4nia, que estar\u00e1 no centro da pr\u00f3xima Assembleia Especial do S\u00ednodo dos Bispos, prevista para o m\u00eas de outubro no Vaticano.<\/p>\n<p>\u201cApesar de tratar principalmente dos caminhos da evangeliza\u00e7\u00e3o para o povo de Deus, n\u00e3o deixar\u00e1 tamb\u00e9m de enfrentar as problem\u00e1ticas ambientais em estreita rela\u00e7\u00e3o com as consequ\u00eancias sociais.\u201d<\/p>\n<p>O longo e articulado discurso do Papa se concluiu com a t\u00f3nica adotada em todo o pronunciamento: de que a comunidade das na\u00e7\u00f5es \u00e9 um elemento em constru\u00e7\u00e3o, baseada n\u00e3o somente na amizade e na confian\u00e7a, mas tamb\u00e9m na justi\u00e7a e no direito, tendo em vista a paz e o bem integral da pessoa humana.<\/p>\n<p>\u201cPara todos v\u00f3s, prezados Embaixadores e ilustres H\u00f3spedes aqui reunidos, e para os vossos pa\u00edses, formulo cordiais votos de que o novo ano permita refor\u00e7ar os v\u00ednculos de amizade que nos ligam e trabalhar para construir a paz a que o mundo aspira.\u201d<\/p>\n<p>Fonte: Arquidiocese de Juiz de Fora<\/p>\n","protected":false},"excerpt":{"rendered":"<p>O Papa Francisco realizou-se na manh\u00e3 desta segunda-feira, 7, uma das audi\u00eancias mais importantes no Vaticano: o Papa recebeu os membros do corpo diplom\u00e1tico acreditado junto \u00e0 Santa S\u00e9 para as felicita\u00e7\u00f5es de ano novo. Como \u00e9 tradi\u00e7\u00e3o, em seu discurso o Pont\u00edfice faz uma an\u00e1lise da conjuntura internacional, com considera\u00e7\u00f5es sobre acontecimentos passados e [&hellip;]<\/p>\n","protected":false},"author":96,"featured_media":130293,"comment_status":"closed","ping_status":"closed","sticky":false,"template":"","format":"standard","meta":{"footnotes":""},"categories":[302,436,262,439],"tags":[],"class_list":["post-130292","post","type-post","status-publish","format-standard","has-post-thumbnail","hentry","category-brasil-mundo","category-destaque-da-semana","category-noticias","category-ultima-hora"],"_links":{"self":[{"href":"https:\/\/diarioregionaldigital.com.br\/index.php?rest_route=\/wp\/v2\/posts\/130292","targetHints":{"allow":["GET"]}}],"collection":[{"href":"https:\/\/diarioregionaldigital.com.br\/index.php?rest_route=\/wp\/v2\/posts"}],"about":[{"href":"https:\/\/diarioregionaldigital.com.br\/index.php?rest_route=\/wp\/v2\/types\/post"}],"author":[{"embeddable":true,"href":"https:\/\/diarioregionaldigital.com.br\/index.php?rest_route=\/wp\/v2\/users\/96"}],"replies":[{"embeddable":true,"href":"https:\/\/diarioregionaldigital.com.br\/index.php?rest_route=%2Fwp%2Fv2%2Fcomments&post=130292"}],"version-history":[{"count":0,"href":"https:\/\/diarioregionaldigital.com.br\/index.php?rest_route=\/wp\/v2\/posts\/130292\/revisions"}],"wp:featuredmedia":[{"embeddable":true,"href":"https:\/\/diarioregionaldigital.com.br\/index.php?rest_route=\/wp\/v2\/media\/130293"}],"wp:attachment":[{"href":"https:\/\/diarioregionaldigital.com.br\/index.php?rest_route=%2Fwp%2Fv2%2Fmedia&parent=130292"}],"wp:term":[{"taxonomy":"category","embeddable":true,"href":"https:\/\/diarioregionaldigital.com.br\/index.php?rest_route=%2Fwp%2Fv2%2Fcategories&post=130292"},{"taxonomy":"post_tag","embeddable":true,"href":"https:\/\/diarioregionaldigital.com.br\/index.php?rest_route=%2Fwp%2Fv2%2Ftags&post=130292"}],"curies":[{"name":"wp","href":"https:\/\/api.w.org\/{rel}","templated":true}]}}