{"id":130223,"date":"2019-01-08T06:00:09","date_gmt":"2019-01-08T08:00:09","guid":{"rendered":"https:\/\/diarioregionaldigital.com.br\/?p=130223"},"modified":"2019-01-07T20:08:49","modified_gmt":"2019-01-07T22:08:49","slug":"edital-sinagua-08-01-19","status":"publish","type":"post","link":"https:\/\/diarioregionaldigital.com.br\/?p=130223","title":{"rendered":"Edital Sinagua &#8211; 08\/01\/19"},"content":{"rendered":"<p style=\"text-align: center;\"><strong><span style=\"font-size: 18pt;\">Sinagua<\/span><\/strong><\/p>\n<p style=\"text-align: center;\">Sindicato dos empregados nas ind\u00fastrias e servi\u00e7os de purifica\u00e7\u00e3o e\/ou distribui\u00e7\u00e3o de \u00e1gua e servi\u00e7os de esgoto de juiz de fora \u2013 mg<\/p>\n<p style=\"text-align: center;\"><strong><span style=\"font-size: 14pt;\">Assembleia com paralisa\u00e7\u00e3o<\/span><\/strong><\/p>\n<p style=\"text-align: center;\">O presidente do sindicato dos empregados nas ind\u00fastrias e servi\u00e7os de purifica\u00e7\u00e3o e\/ou distribui\u00e7\u00e3o de \u00e1gua e servi\u00e7os de esgoto de juiz de fora \u2013 mg, convoca a categoria para assembleia geral, que far\u00e1 realizar no pr\u00f3ximo dia 09\/01\/19, \u00e0s 18:00h em primeira convoca\u00e7\u00e3o com presen\u00e7a de maioria simples dos associados, e em segunda convoca\u00e7\u00e3o, \u00e0s 18:30h com qualquer n\u00famero de associados, conforme termos do estatuto, na rua: bar\u00e3o de Cataguases, n.\u00ba 55 \u2013 centro.<\/p>\n<p style=\"text-align: center;\">Assunto: act &#8211; \u00a02019\/2020;<\/p>\n<p style=\"text-align: center;\">outros assuntos.<\/p>\n<p style=\"text-align: center;\"><strong>Juiz de fora, 08 de janeiro de 2019.<\/strong><\/p>\n<p style=\"text-align: center;\"><strong>Edinaldo sid clei ladeira ramos\u00a0Presidente<\/strong><\/p>\n","protected":false},"excerpt":{"rendered":"<p>Sinagua Sindicato dos empregados nas ind\u00fastrias e servi\u00e7os de purifica\u00e7\u00e3o e\/ou distribui\u00e7\u00e3o de \u00e1gua e servi\u00e7os de esgoto de juiz de fora \u2013 mg Assembleia com paralisa\u00e7\u00e3o O presidente do sindicato dos empregados nas ind\u00fastrias e servi\u00e7os de purifica\u00e7\u00e3o e\/ou distribui\u00e7\u00e3o de \u00e1gua e servi\u00e7os de esgoto de juiz de fora \u2013 mg, convoca a [&hellip;]<\/p>\n","protected":false},"author":96,"featured_media":0,"comment_status":"closed","ping_status":"closed","sticky":false,"template":"","format":"standard","meta":{"footnotes":""},"categories":[307],"tags":[],"class_list":["post-130223","post","type-post","status-publish","format-standard","hentry","category-editais"],"_links":{"self":[{"href":"https:\/\/diarioregionaldigital.com.br\/index.php?rest_route=\/wp\/v2\/posts\/130223","targetHints":{"allow":["GET"]}}],"collection":[{"href":"https:\/\/diarioregionaldigital.com.br\/index.php?rest_route=\/wp\/v2\/posts"}],"about":[{"href":"https:\/\/diarioregionaldigital.com.br\/index.php?rest_route=\/wp\/v2\/types\/post"}],"author":[{"embeddable":true,"href":"https:\/\/diarioregionaldigital.com.br\/index.php?rest_route=\/wp\/v2\/users\/96"}],"replies":[{"embeddable":true,"href":"https:\/\/diarioregionaldigital.com.br\/index.php?rest_route=%2Fwp%2Fv2%2Fcomments&post=130223"}],"version-history":[{"count":0,"href":"https:\/\/diarioregionaldigital.com.br\/index.php?rest_route=\/wp\/v2\/posts\/130223\/revisions"}],"wp:attachment":[{"href":"https:\/\/diarioregionaldigital.com.br\/index.php?rest_route=%2Fwp%2Fv2%2Fmedia&parent=130223"}],"wp:term":[{"taxonomy":"category","embeddable":true,"href":"https:\/\/diarioregionaldigital.com.br\/index.php?rest_route=%2Fwp%2Fv2%2Fcategories&post=130223"},{"taxonomy":"post_tag","embeddable":true,"href":"https:\/\/diarioregionaldigital.com.br\/index.php?rest_route=%2Fwp%2Fv2%2Ftags&post=130223"}],"curies":[{"name":"wp","href":"https:\/\/api.w.org\/{rel}","templated":true}]}}