{"id":130210,"date":"2019-01-08T06:00:51","date_gmt":"2019-01-08T08:00:51","guid":{"rendered":"https:\/\/diarioregionaldigital.com.br\/?p=130210"},"modified":"2019-01-07T18:48:53","modified_gmt":"2019-01-07T20:48:53","slug":"familia-juiz-forana-luta-para-salvar-bebe-da-leucemia","status":"publish","type":"post","link":"https:\/\/diarioregionaldigital.com.br\/?p=130210","title":{"rendered":"Fam\u00edlia juiz-forana luta para salvar beb\u00ea da leucemia"},"content":{"rendered":"<p>O medo somado a falta de informa\u00e7\u00e3o s\u00e3o dois obst\u00e1culos para impedir que algu\u00e9m se torne doador de medula \u00f3ssea e, com isso, acaba n\u00e3o ajudando outra pessoa que esta na luta contra a leucemia. Para ser um doador \u00e9 simples, f\u00e1cil e nada doloroso. Pessoas com idade entre 18 e 55 anos, em bom estado de sa\u00fade, sem doen\u00e7as infecciosas ou incapacitantes, devem ir aohemocentro mais pr\u00f3ximo para se cadastrar, preenchendo o formul\u00e1rio de identifica\u00e7\u00e3o e o termo de consentimento.<\/p>\n<p>Ap\u00f3s a decis\u00e3o de se tornar um doador, ser\u00e1 retirada uma amostra de sangue para fazer o exame de histocompatibilidade (HLA), que identificar\u00e1 a caracter\u00edstica gen\u00e9tica do doador.Em seguida, todos os seus dados s\u00e3o armazenados do Registro Nacional de Doadores Volunt\u00e1rios de Medula \u00d3ssea (Redome) e \u00e9 s\u00f3 esperar o momento da compatibilidade, onde o doador s\u00f3 \u00e9 acionado quando aparecer um paciente com a medula compat\u00edvel.<\/p>\n<p>Na espera de um doador compat\u00edvel est\u00e1 Pedro Altomar, um beb\u00ea de 10 meses. Pedro foi diagnosticado com Leucemia Mieloide Aguda (LMA) aos 8 meses, e segundo o pai da crian\u00e7a, Jos\u00e9 Geraldo Ferraz J\u00fanior, o diagn\u00f3stico aconteceu ap\u00f3s uma febre emnovembro de 2018.<\/p>\n<p>Ao longo do tratamento a fam\u00edlia descobriu que Pedro precisaria de transfus\u00f5es de sangue e ent\u00e3o lan\u00e7aram uma campanha para mobilizar a popula\u00e7\u00e3o. \u201cConseguimos mais de 500 pessoas doando sangue. Al\u00e9m disso, fizemos tamb\u00e9m para o cadastro de doador de medula porque ele estava precisando e tamb\u00e9m para ajudar outras pessoas\u201d disse. Desde ent\u00e3o a fam\u00edlia se mant\u00e9m esperan\u00e7osa na busca de encontrar um doador compat\u00edvel. A chance de encontrar um doadorcompat\u00edvel sem grau de parentesco \u00e9 de 1 em 100 mil. \u201cEle j\u00e1 foi cadastrado e estamos aguardando uma resposta do banco de doadores e temos certeza que vai aparecer algu\u00e9m. N\u00f3s estamos confiantes\u201d, disse.Atualmente, em todo o pa\u00eds, de acordo com oRedome, aproximadamente 850 pessoas est\u00e3o em busca de um doador compat\u00edvel.<\/p>\n<p>Pedro ainda precisafazer mais um bloco de quimioterapia, segundo o pai, Pedro j\u00e1 est\u00e1 sem doen\u00e7a nenhuma no sangue.\u201cMesmo assim ele ainda vai fazer mais um bloco de quimioterapia e logo em seguida estar\u00e1 fazendo o transplante e dentro de quatro meses voltaremos para Juiz de Fora com ele curado\u201d, conta o pai. Conforme o pai, tudo que poderia ser feito em Juiz de Fora j\u00e1 foi feito. \u201cEm Juiz de Fora n\u00f3s fizemos todo tratamento que era poss\u00edvel fazer e ent\u00e3o n\u00f3s conseguimos a vaga em um hospital de S\u00e3o Paulo\u201d, explica. Esta semana a fam\u00edlia chega a S\u00e3o Paulo pela primeira vez na tentativa de dar mais um passo em dire\u00e7\u00e3o ao bem-estar do menino e realizar o aguardado transplante de medula \u00f3ssea pedi\u00e1trico.<\/p>\n<p>&nbsp;<\/p>\n","protected":false},"excerpt":{"rendered":"<p>O medo somado a falta de informa\u00e7\u00e3o s\u00e3o dois obst\u00e1culos para impedir que algu\u00e9m se torne doador de medula \u00f3ssea e, com isso, acaba n\u00e3o ajudando outra pessoa que esta na luta contra a leucemia. Para ser um doador \u00e9 simples, f\u00e1cil e nada doloroso. Pessoas com idade entre 18 e 55 anos, em bom [&hellip;]<\/p>\n","protected":false},"author":96,"featured_media":130211,"comment_status":"closed","ping_status":"closed","sticky":false,"template":"","format":"standard","meta":{"footnotes":""},"categories":[253,436,440,439],"tags":[],"class_list":["post-130210","post","type-post","status-publish","format-standard","has-post-thumbnail","hentry","category-cidade","category-destaque-da-semana","category-destaques-do-dia","category-ultima-hora"],"_links":{"self":[{"href":"https:\/\/diarioregionaldigital.com.br\/index.php?rest_route=\/wp\/v2\/posts\/130210","targetHints":{"allow":["GET"]}}],"collection":[{"href":"https:\/\/diarioregionaldigital.com.br\/index.php?rest_route=\/wp\/v2\/posts"}],"about":[{"href":"https:\/\/diarioregionaldigital.com.br\/index.php?rest_route=\/wp\/v2\/types\/post"}],"author":[{"embeddable":true,"href":"https:\/\/diarioregionaldigital.com.br\/index.php?rest_route=\/wp\/v2\/users\/96"}],"replies":[{"embeddable":true,"href":"https:\/\/diarioregionaldigital.com.br\/index.php?rest_route=%2Fwp%2Fv2%2Fcomments&post=130210"}],"version-history":[{"count":0,"href":"https:\/\/diarioregionaldigital.com.br\/index.php?rest_route=\/wp\/v2\/posts\/130210\/revisions"}],"wp:featuredmedia":[{"embeddable":true,"href":"https:\/\/diarioregionaldigital.com.br\/index.php?rest_route=\/wp\/v2\/media\/130211"}],"wp:attachment":[{"href":"https:\/\/diarioregionaldigital.com.br\/index.php?rest_route=%2Fwp%2Fv2%2Fmedia&parent=130210"}],"wp:term":[{"taxonomy":"category","embeddable":true,"href":"https:\/\/diarioregionaldigital.com.br\/index.php?rest_route=%2Fwp%2Fv2%2Fcategories&post=130210"},{"taxonomy":"post_tag","embeddable":true,"href":"https:\/\/diarioregionaldigital.com.br\/index.php?rest_route=%2Fwp%2Fv2%2Ftags&post=130210"}],"curies":[{"name":"wp","href":"https:\/\/api.w.org\/{rel}","templated":true}]}}