{"id":130206,"date":"2019-01-07T18:59:16","date_gmt":"2019-01-07T20:59:16","guid":{"rendered":"https:\/\/diarioregionaldigital.com.br\/?p=130206"},"modified":"2019-01-07T19:01:35","modified_gmt":"2019-01-07T21:01:35","slug":"secretaria-de-saude-inicia-novo-liraa-nesta-segunda-feira","status":"publish","type":"post","link":"https:\/\/diarioregionaldigital.com.br\/?p=130206","title":{"rendered":"Secretaria de Sa\u00fade inicia novo Liraa nesta segunda-feira, 7."},"content":{"rendered":"<p>A Secretaria de Sa\u00fade (SS) da Prefeitura de Juiz de Fora (PJF), por meio do trabalho dos agentes de combate a endemias, come\u00e7ou na manh\u00e3 desta segunda-feira, 7, o primeiro Levantamento do \u00cdndice R\u00e1pido do Aedes aegypti (Liraa) de 2019. O objetivo \u00e9 apurar o \u00edndice de infesta\u00e7\u00e3o predial (IIP) do munic\u00edpio, para direcionar a\u00e7\u00f5es de combate ao vetor nos bairros com maior n\u00famero de focos. Caso n\u00e3o chova, a previs\u00e3o \u00e9 de que o trabalho seja encerrado nessa sexta-feira, 11.<\/p>\n<p>Ser\u00e3o 221 bairros, 875 quarteir\u00f5es e 5.594 im\u00f3veis visitados. Quando encontrados, os focos ter\u00e3o aplica\u00e7\u00e3o de larvicida, ou eliminados, se poss\u00edvel. As amostras, ap\u00f3s o levantamento em campo, v\u00e3o para o laborat\u00f3rio. As an\u00e1lises revelar\u00e3o se os materiais encontrados s\u00e3o realmente vetores da dengue, zika e chikungunya. A libera\u00e7\u00e3o dos dados colhidos ser\u00e1 feita pela Subsecretaria de Vigil\u00e2ncia em Sa\u00fade (SSVS).<\/p>\n<p>S\u00e3o quinze equipes nos trabalhos de vistorias em campo. Os agentes atuam sempre uniformizados e com crach\u00e1 de identifica\u00e7\u00e3o da PJF, no hor\u00e1rio, das 8 \u00e0s 14 horas, no per\u00edodo do Liraa. Em caso de d\u00favida e para informa\u00e7\u00f5es sobre a vistoria, a popula\u00e7\u00e3o pode entrar em contato com o ponto de apoio central da dengue, pelo telefone 3212-3070.<\/p>\n<p>O \u00faltimo Liraa, em outubro de 2018, apontou \u00edndice de infesta\u00e7\u00e3o de 2,3 na cidade. O resultado foi considerado \u201cestado de alerta\u201d pelo Minist\u00e9rio da Sa\u00fade.<\/p>\n<p>De acordo com os levantamentos, a maior parte dos focos s\u00e3o encontrados dentro das resid\u00eancias, em quintais, vasos e plantas aqu\u00e1ticas, calhas, ralos, caixas d`\u00e1gua e terrenos com lixo e entulhos. Os locais de foco apontam que a vigil\u00e2ncia da popula\u00e7\u00e3o deve ser redobrada, para o combate do mosquito.<\/p>\n<p>&nbsp;<\/p>\n<p>Fonte: PJF<\/p>\n","protected":false},"excerpt":{"rendered":"<p>A Secretaria de Sa\u00fade (SS) da Prefeitura de Juiz de Fora (PJF), por meio do trabalho dos agentes de combate a endemias, come\u00e7ou na manh\u00e3 desta segunda-feira, 7, o primeiro Levantamento do \u00cdndice R\u00e1pido do Aedes aegypti (Liraa) de 2019. O objetivo \u00e9 apurar o \u00edndice de infesta\u00e7\u00e3o predial (IIP) do munic\u00edpio, para direcionar a\u00e7\u00f5es [&hellip;]<\/p>\n","protected":false},"author":96,"featured_media":97062,"comment_status":"closed","ping_status":"closed","sticky":false,"template":"","format":"standard","meta":{"footnotes":""},"categories":[253,436,262,439],"tags":[],"class_list":["post-130206","post","type-post","status-publish","format-standard","has-post-thumbnail","hentry","category-cidade","category-destaque-da-semana","category-noticias","category-ultima-hora"],"_links":{"self":[{"href":"https:\/\/diarioregionaldigital.com.br\/index.php?rest_route=\/wp\/v2\/posts\/130206","targetHints":{"allow":["GET"]}}],"collection":[{"href":"https:\/\/diarioregionaldigital.com.br\/index.php?rest_route=\/wp\/v2\/posts"}],"about":[{"href":"https:\/\/diarioregionaldigital.com.br\/index.php?rest_route=\/wp\/v2\/types\/post"}],"author":[{"embeddable":true,"href":"https:\/\/diarioregionaldigital.com.br\/index.php?rest_route=\/wp\/v2\/users\/96"}],"replies":[{"embeddable":true,"href":"https:\/\/diarioregionaldigital.com.br\/index.php?rest_route=%2Fwp%2Fv2%2Fcomments&post=130206"}],"version-history":[{"count":0,"href":"https:\/\/diarioregionaldigital.com.br\/index.php?rest_route=\/wp\/v2\/posts\/130206\/revisions"}],"wp:featuredmedia":[{"embeddable":true,"href":"https:\/\/diarioregionaldigital.com.br\/index.php?rest_route=\/wp\/v2\/media\/97062"}],"wp:attachment":[{"href":"https:\/\/diarioregionaldigital.com.br\/index.php?rest_route=%2Fwp%2Fv2%2Fmedia&parent=130206"}],"wp:term":[{"taxonomy":"category","embeddable":true,"href":"https:\/\/diarioregionaldigital.com.br\/index.php?rest_route=%2Fwp%2Fv2%2Fcategories&post=130206"},{"taxonomy":"post_tag","embeddable":true,"href":"https:\/\/diarioregionaldigital.com.br\/index.php?rest_route=%2Fwp%2Fv2%2Ftags&post=130206"}],"curies":[{"name":"wp","href":"https:\/\/api.w.org\/{rel}","templated":true}]}}