{"id":130204,"date":"2019-01-08T06:00:02","date_gmt":"2019-01-08T08:00:02","guid":{"rendered":"https:\/\/diarioregionaldigital.com.br\/?p=130204"},"modified":"2019-01-07T18:38:40","modified_gmt":"2019-01-07T20:38:40","slug":"projeto-que-preve-motos-nos-atendimentos-do-samu-e-aprovado-pela-camara-municipal","status":"publish","type":"post","link":"https:\/\/diarioregionaldigital.com.br\/?p=130204","title":{"rendered":"Projeto que prev\u00ea motos nos atendimentos do SAMU \u00e9 aprovado pela C\u00e2mara Municipal"},"content":{"rendered":"<p>Foi aprovado na C\u00e2mara Municipal de Juiz de Fora o Projeto de Lei que prev\u00ea a utiliza\u00e7\u00e3o das chamadas \u201cmotol\u00e2ncias\u201d na atua\u00e7\u00e3o do Servi\u00e7o de Atendimento M\u00f3vel de Urg\u00eancia (Samu) na cidade. O projeto de autoria da vereadora Delegada Sheila Oliveira (PSL), aprovado em segundo turno, cria o programa \u201cMotos pela Vida\u201d que \u00e9 uma estrat\u00e9gia para driblar as dificuldades que o tr\u00e2nsito imp\u00f5e para a presta\u00e7\u00e3o de socorro.<\/p>\n<p>De acordo com dados do Departamento Nacional de Tr\u00e2nsito (Denatran), Juiz de Fora registrou, em outubro de 2018, 268.033 ve\u00edculos emplacados.De acordo com a Delegada Sheila, \u201cesse projeto j\u00e1 existe em cidades maiores, onde apresenta um tr\u00e2nsito mais intenso de ve\u00edculos, como em Juiz de Fora, n\u00f3s achamos por bem trazer esse projeto para a cidade\u201d, disse. Sheila ainda explica que com o aumento da quantidade de ve\u00edculos, o tr\u00e2nsito tamb\u00e9m se intensifica e dificulta a atua\u00e7\u00e3o do Samu.<\/p>\n<div id=\"attachment_130207\" style=\"width: 491px\" class=\"wp-caption aligncenter\"><img loading=\"lazy\" decoding=\"async\" aria-describedby=\"caption-attachment-130207\" class=\" wp-image-130207\" src=\"https:\/\/diarioregionaldigital.com.br\/wp-content\/uploads\/2019\/01\/Olival-Santos_agencia-alagoas-usar-essa-2-300x199.jpg\" alt=\"\" width=\"481\" height=\"319\" srcset=\"https:\/\/diarioregionaldigital.com.br\/wp-content\/uploads\/2019\/01\/Olival-Santos_agencia-alagoas-usar-essa-2-300x199.jpg 300w, https:\/\/diarioregionaldigital.com.br\/wp-content\/uploads\/2019\/01\/Olival-Santos_agencia-alagoas-usar-essa-2.jpg 600w, https:\/\/diarioregionaldigital.com.br\/wp-content\/uploads\/2019\/01\/Olival-Santos_agencia-alagoas-usar-essa-2-360x239.jpg 360w\" sizes=\"auto, (max-width: 481px) 100vw, 481px\" \/><p id=\"caption-attachment-130207\" class=\"wp-caption-text\">O projeto de autoria da vereadora Delegada Sheila Oliveira (PSL), aprovado em segundo turno, cria o programa \u201cMotos pela Vida\u201d que \u00e9 uma estrat\u00e9gia para driblar as dificuldades que o tr\u00e2nsito imp\u00f5e para a presta\u00e7\u00e3o de socorro. Foto: Olivia Santo\/Ag\u00eancia Alagoas<\/p><\/div>\n<p>Esse projeto prev\u00ea a possibilidade da utiliza\u00e7\u00e3o das motocicletas como mais um recurso de interven\u00e7\u00e3o m\u00f3vel dispon\u00edvel para a equipe. De acordo com o texto, as \u201cmotol\u00e2ncias\u201d dever\u00e3o ser utilizadas em determinadas ocasi\u00f5es. Sheila explica que as motos podem ser utilizadas de acordo com cada ocorr\u00eancia, com o local onde foi feito o registro, visando facilitar e agilizar o atendimento do Samu. \u201cAs motos facilitam a chegada em menos tempo da equipe para realizar o primeiro atendimento at\u00e9 a chegada do ve\u00edculo que \u00e9 devidamente equipado. Em muitos casos o primeiro atendimento de urg\u00eancia determina at\u00e9 a sobreviv\u00eancia da pessoa\u201d.<\/p>\n<p>Antes de seguir para a san\u00e7\u00e3o do Poder Executivo, o texto que trata da cria\u00e7\u00e3o do programa \u201cMotos pela Vida\u201d passar\u00e1 por uma nova discuss\u00e3o no Legislativo para poss\u00edveis adequa\u00e7\u00f5es em seu resultado final.<\/p>\n","protected":false},"excerpt":{"rendered":"<p>Foi aprovado na C\u00e2mara Municipal de Juiz de Fora o Projeto de Lei que prev\u00ea a utiliza\u00e7\u00e3o das chamadas \u201cmotol\u00e2ncias\u201d na atua\u00e7\u00e3o do Servi\u00e7o de Atendimento M\u00f3vel de Urg\u00eancia (Samu) na cidade. O projeto de autoria da vereadora Delegada Sheila Oliveira (PSL), aprovado em segundo turno, cria o programa \u201cMotos pela Vida\u201d que \u00e9 uma [&hellip;]<\/p>\n","protected":false},"author":96,"featured_media":130205,"comment_status":"closed","ping_status":"closed","sticky":false,"template":"","format":"standard","meta":{"footnotes":""},"categories":[253,436,440,439],"tags":[],"class_list":["post-130204","post","type-post","status-publish","format-standard","has-post-thumbnail","hentry","category-cidade","category-destaque-da-semana","category-destaques-do-dia","category-ultima-hora"],"_links":{"self":[{"href":"https:\/\/diarioregionaldigital.com.br\/index.php?rest_route=\/wp\/v2\/posts\/130204","targetHints":{"allow":["GET"]}}],"collection":[{"href":"https:\/\/diarioregionaldigital.com.br\/index.php?rest_route=\/wp\/v2\/posts"}],"about":[{"href":"https:\/\/diarioregionaldigital.com.br\/index.php?rest_route=\/wp\/v2\/types\/post"}],"author":[{"embeddable":true,"href":"https:\/\/diarioregionaldigital.com.br\/index.php?rest_route=\/wp\/v2\/users\/96"}],"replies":[{"embeddable":true,"href":"https:\/\/diarioregionaldigital.com.br\/index.php?rest_route=%2Fwp%2Fv2%2Fcomments&post=130204"}],"version-history":[{"count":0,"href":"https:\/\/diarioregionaldigital.com.br\/index.php?rest_route=\/wp\/v2\/posts\/130204\/revisions"}],"wp:featuredmedia":[{"embeddable":true,"href":"https:\/\/diarioregionaldigital.com.br\/index.php?rest_route=\/wp\/v2\/media\/130205"}],"wp:attachment":[{"href":"https:\/\/diarioregionaldigital.com.br\/index.php?rest_route=%2Fwp%2Fv2%2Fmedia&parent=130204"}],"wp:term":[{"taxonomy":"category","embeddable":true,"href":"https:\/\/diarioregionaldigital.com.br\/index.php?rest_route=%2Fwp%2Fv2%2Fcategories&post=130204"},{"taxonomy":"post_tag","embeddable":true,"href":"https:\/\/diarioregionaldigital.com.br\/index.php?rest_route=%2Fwp%2Fv2%2Ftags&post=130204"}],"curies":[{"name":"wp","href":"https:\/\/api.w.org\/{rel}","templated":true}]}}