{"id":130196,"date":"2019-01-07T18:05:15","date_gmt":"2019-01-07T20:05:15","guid":{"rendered":"https:\/\/diarioregionaldigital.com.br\/?p=130196"},"modified":"2019-01-07T18:05:15","modified_gmt":"2019-01-07T20:05:15","slug":"sancionada-lei-que-reconhece-valor-cultural-das-ferrovias","status":"publish","type":"post","link":"https:\/\/diarioregionaldigital.com.br\/?p=130196","title":{"rendered":"Sancionada lei que reconhece valor cultural das ferrovias"},"content":{"rendered":"<p>As\u00a0linhas e ramais ferrovi\u00e1rios de Minas Gerais, em opera\u00e7\u00e3o ou n\u00e3o, agora s\u00e3o considerados de relevante interesse cultural para o Estado. O reconhecimento foi criado por meio do\u00a0Projeto de Lei (PL) 5.190\/18, do deputado Jo\u00e3o Leite (PSDB). A mat\u00e9ria foi sancionada e transformada na Lei 23.230, de 2018, publicada no Di\u00e1rio Oficial de Minas Gerais deste s\u00e1bado, 5.<\/p>\n<p>A proposi\u00e7\u00e3o foi aprovada pelos deputados, no Plen\u00e1rio da Assembleia Legislativa de Minas Gerais (ALMG), no dia 11 de dezembro de 2018. Na pr\u00e1tica, al\u00e9m de valorizar o aspecto cultural das ferrovias, a nova lei dificulta a elimina\u00e7\u00e3o de trechos de ferrovias n\u00e3o utilizados no Estado.<\/p>\n<p>Pela norma, a supress\u00e3o de linhas ou ramais ferrovi\u00e1rios no Estado, ainda que sejam apenas trechos remanescentes, de qualquer extens\u00e3o, dever\u00e1 ser precedida por audi\u00eancias p\u00fablicas com os setores afetados e fica condicionada \u00e0 aprova\u00e7\u00e3o dos \u00f3rg\u00e3os respons\u00e1veis pela pol\u00edtica de preserva\u00e7\u00e3o do patrim\u00f4nio cultural e dos demais \u00f3rg\u00e3os p\u00fablicos competentes.<\/p>\n<p>Al\u00e9m disso, a elimina\u00e7\u00e3o do trecho s\u00f3 poder\u00e1 ser feita se devidamente fundamentada em estudos t\u00e9cnicos que demonstrem a impossibilidade de se dar destina\u00e7\u00e3o ferrovi\u00e1ria, tur\u00edstica ou cultural para a linha ou o ramal.<\/p>\n<p>O reconhecimento previsto no caput estende-se aos bens m\u00f3veis e im\u00f3veis associados a linhas e ramais ferrovi\u00e1rios operacionais ou n\u00e3o operacionais e seus remanescentes, em qualquer grau de conserva\u00e7\u00e3o. A lei tamb\u00e9m prev\u00ea que o Estado apoiar\u00e1 as entidades interessadas na realiza\u00e7\u00e3o de a\u00e7\u00f5es de salvaguarda dos bens associados ao patrim\u00f4nio cultural ferrovi\u00e1rio.<\/p>\n<p>&nbsp;<\/p>\n<p>Fonte: ALMG<\/p>\n","protected":false},"excerpt":{"rendered":"<p>As\u00a0linhas e ramais ferrovi\u00e1rios de Minas Gerais, em opera\u00e7\u00e3o ou n\u00e3o, agora s\u00e3o considerados de relevante interesse cultural para o Estado. O reconhecimento foi criado por meio do\u00a0Projeto de Lei (PL) 5.190\/18, do deputado Jo\u00e3o Leite (PSDB). A mat\u00e9ria foi sancionada e transformada na Lei 23.230, de 2018, publicada no Di\u00e1rio Oficial de Minas Gerais [&hellip;]<\/p>\n","protected":false},"author":96,"featured_media":130198,"comment_status":"closed","ping_status":"closed","sticky":false,"template":"","format":"standard","meta":{"footnotes":""},"categories":[256,436,439],"tags":[],"class_list":["post-130196","post","type-post","status-publish","format-standard","has-post-thumbnail","hentry","category-cultura","category-destaque-da-semana","category-ultima-hora"],"_links":{"self":[{"href":"https:\/\/diarioregionaldigital.com.br\/index.php?rest_route=\/wp\/v2\/posts\/130196","targetHints":{"allow":["GET"]}}],"collection":[{"href":"https:\/\/diarioregionaldigital.com.br\/index.php?rest_route=\/wp\/v2\/posts"}],"about":[{"href":"https:\/\/diarioregionaldigital.com.br\/index.php?rest_route=\/wp\/v2\/types\/post"}],"author":[{"embeddable":true,"href":"https:\/\/diarioregionaldigital.com.br\/index.php?rest_route=\/wp\/v2\/users\/96"}],"replies":[{"embeddable":true,"href":"https:\/\/diarioregionaldigital.com.br\/index.php?rest_route=%2Fwp%2Fv2%2Fcomments&post=130196"}],"version-history":[{"count":0,"href":"https:\/\/diarioregionaldigital.com.br\/index.php?rest_route=\/wp\/v2\/posts\/130196\/revisions"}],"wp:featuredmedia":[{"embeddable":true,"href":"https:\/\/diarioregionaldigital.com.br\/index.php?rest_route=\/wp\/v2\/media\/130198"}],"wp:attachment":[{"href":"https:\/\/diarioregionaldigital.com.br\/index.php?rest_route=%2Fwp%2Fv2%2Fmedia&parent=130196"}],"wp:term":[{"taxonomy":"category","embeddable":true,"href":"https:\/\/diarioregionaldigital.com.br\/index.php?rest_route=%2Fwp%2Fv2%2Fcategories&post=130196"},{"taxonomy":"post_tag","embeddable":true,"href":"https:\/\/diarioregionaldigital.com.br\/index.php?rest_route=%2Fwp%2Fv2%2Ftags&post=130196"}],"curies":[{"name":"wp","href":"https:\/\/api.w.org\/{rel}","templated":true}]}}