{"id":130192,"date":"2019-01-07T17:38:48","date_gmt":"2019-01-07T19:38:48","guid":{"rendered":"https:\/\/diarioregionaldigital.com.br\/?p=130192"},"modified":"2019-01-07T17:38:48","modified_gmt":"2019-01-07T19:38:48","slug":"mais-de-20-detentos-fogem-de-cadeia-publica-no-ceara","status":"publish","type":"post","link":"https:\/\/diarioregionaldigital.com.br\/?p=130192","title":{"rendered":"Mais de 20 detentos fogem de cadeia p\u00fablica no Cear\u00e1"},"content":{"rendered":"<p>A Secretaria de Administra\u00e7\u00e3o Penitenci\u00e1ria do Cear\u00e1 confirmou, na tarde desta segunta-feira, 7, a fuga de 23 detentos da Cadeia P\u00fablica de Pacoti, cidade a 122 quil\u00f4metros da capital, Fortaleza. A fuga foi de manh\u00e3, durante o banho de sol, quando os presos pularam o muro da cadeia e tiveram acesso \u00e0 \u00e1rea externa. Os procedimentos de busca j\u00e1 foram iniciados na regi\u00e3o, informou o governo.<\/p>\n<p>A fuga ocorre justamente em meio a uma onda de viol\u00eancia no Cear\u00e1, que j\u00e1 resultou em mais de 120 ataques a pr\u00e9dios p\u00fablicos, estabelecimentos comerciais e ve\u00edculos. Esta segunda-feira \u00e9 o quinto dia consecutivo de ocorr\u00eancias notificadas.<\/p>\n<p>Por causa da viol\u00eancia, a frota de \u00f4nibus do transporte p\u00fablico na capital e na regi\u00e3o metropolitana opera abaixo do efetivo normal.<\/p>\n<div id=\"attachment_130193\" style=\"width: 764px\" class=\"wp-caption aligncenter\"><img loading=\"lazy\" decoding=\"async\" aria-describedby=\"caption-attachment-130193\" class=\"wp-image-130193 size-full\" src=\"https:\/\/diarioregionaldigital.com.br\/wp-content\/uploads\/2019\/01\/TerminalOnibusUrbanoCE.jpg\" alt=\"\" width=\"754\" height=\"503\" srcset=\"https:\/\/diarioregionaldigital.com.br\/wp-content\/uploads\/2019\/01\/TerminalOnibusUrbanoCE.jpg 754w, https:\/\/diarioregionaldigital.com.br\/wp-content\/uploads\/2019\/01\/TerminalOnibusUrbanoCE-300x200.jpg 300w, https:\/\/diarioregionaldigital.com.br\/wp-content\/uploads\/2019\/01\/TerminalOnibusUrbanoCE-360x240.jpg 360w\" sizes=\"auto, (max-width: 754px) 100vw, 754px\" \/><p id=\"caption-attachment-130193\" class=\"wp-caption-text\">O sistema de transporte p\u00fablico de Fortaleza e da regi\u00e3o metropolitana opera abaixo do normal nesta segunda-feira,7. Foto: Jos\u00e9 Cruz\/Ag\u00eancia Brasil<\/p><\/div>\n<p>No balan\u00e7o mais recente, a Secretaria de Seguran\u00e7a P\u00fablica e Defesa Social confirmou a pris\u00e3o de 148 pessoas suspeitas de envolvimento nos ataques.<\/p>\n<p>O governo do estado est\u00e1 transferindo, de forma imediata, 20 detentos considerados l\u00edderes de fac\u00e7\u00f5es criminosas no estado, para penitenci\u00e1rias federais de seguran\u00e7a m\u00e1xima. As vagas, num total de 60, foram disponibilizadas pelo Minist\u00e9rio da Justi\u00e7a e Seguran\u00e7a P\u00fablica, ap\u00f3s pedido do governador Camilo Santana.<\/p>\n<p>&nbsp;<\/p>\n<p>Fonte: Ag\u00eancia Brasil<\/p>\n","protected":false},"excerpt":{"rendered":"<p>A Secretaria de Administra\u00e7\u00e3o Penitenci\u00e1ria do Cear\u00e1 confirmou, na tarde desta segunta-feira, 7, a fuga de 23 detentos da Cadeia P\u00fablica de Pacoti, cidade a 122 quil\u00f4metros da capital, Fortaleza. A fuga foi de manh\u00e3, durante o banho de sol, quando os presos pularam o muro da cadeia e tiveram acesso \u00e0 \u00e1rea externa. Os [&hellip;]<\/p>\n","protected":false},"author":96,"featured_media":130194,"comment_status":"closed","ping_status":"closed","sticky":false,"template":"","format":"standard","meta":{"footnotes":""},"categories":[302,436,440,439],"tags":[],"class_list":["post-130192","post","type-post","status-publish","format-standard","has-post-thumbnail","hentry","category-brasil-mundo","category-destaque-da-semana","category-destaques-do-dia","category-ultima-hora"],"_links":{"self":[{"href":"https:\/\/diarioregionaldigital.com.br\/index.php?rest_route=\/wp\/v2\/posts\/130192","targetHints":{"allow":["GET"]}}],"collection":[{"href":"https:\/\/diarioregionaldigital.com.br\/index.php?rest_route=\/wp\/v2\/posts"}],"about":[{"href":"https:\/\/diarioregionaldigital.com.br\/index.php?rest_route=\/wp\/v2\/types\/post"}],"author":[{"embeddable":true,"href":"https:\/\/diarioregionaldigital.com.br\/index.php?rest_route=\/wp\/v2\/users\/96"}],"replies":[{"embeddable":true,"href":"https:\/\/diarioregionaldigital.com.br\/index.php?rest_route=%2Fwp%2Fv2%2Fcomments&post=130192"}],"version-history":[{"count":0,"href":"https:\/\/diarioregionaldigital.com.br\/index.php?rest_route=\/wp\/v2\/posts\/130192\/revisions"}],"wp:featuredmedia":[{"embeddable":true,"href":"https:\/\/diarioregionaldigital.com.br\/index.php?rest_route=\/wp\/v2\/media\/130194"}],"wp:attachment":[{"href":"https:\/\/diarioregionaldigital.com.br\/index.php?rest_route=%2Fwp%2Fv2%2Fmedia&parent=130192"}],"wp:term":[{"taxonomy":"category","embeddable":true,"href":"https:\/\/diarioregionaldigital.com.br\/index.php?rest_route=%2Fwp%2Fv2%2Fcategories&post=130192"},{"taxonomy":"post_tag","embeddable":true,"href":"https:\/\/diarioregionaldigital.com.br\/index.php?rest_route=%2Fwp%2Fv2%2Ftags&post=130192"}],"curies":[{"name":"wp","href":"https:\/\/api.w.org\/{rel}","templated":true}]}}