{"id":130189,"date":"2019-01-07T10:00:24","date_gmt":"2019-01-07T12:00:24","guid":{"rendered":"https:\/\/diarioregionaldigital.com.br\/?p=130189"},"modified":"2019-01-07T18:43:04","modified_gmt":"2019-01-07T20:43:04","slug":"pjf-oferece-10-de-desconto-em-iptu-para-pagamentos-realizado-ate-quinta-feira-10","status":"publish","type":"post","link":"https:\/\/diarioregionaldigital.com.br\/?p=130189","title":{"rendered":"PJF oferece 10% de desconto em IPTU para pagamentos realizado at\u00e9 quinta-feira, 10"},"content":{"rendered":"<p>At\u00e9 este domingo, 6, foram impressos 40.381 carn\u00eas do Imposto Predial e Territorial Urbano (IPTU) 2019 para pagamento \u00e0 vista, com 10% de desconto. Desse total, 37.274 foram emitidos via internet, pelo portal\u00a0<a href=\"http:\/\/tributos.pjf.mg.gov.br\/iptu\/\">pjf.mg.gov.br<\/a> da Prefeitura de Juiz de Fora (PJF), e 3.107 atrav\u00e9s do atendimento presencial do Espa\u00e7o Cidad\u00e3o JF \u2013 Centro e Regionais.<\/p>\n<p>O desconto de 10% \u00e9 oferecido excepcionalmente para contribuintes que n\u00e3o tiverem d\u00e9bito relacionado \u00e0 inscri\u00e7\u00e3o do im\u00f3vel. Neste caso, a emiss\u00e3o do Documento de Arrecada\u00e7\u00e3o Municipal (DAM) e o pagamento dever\u00e3o ser feitos at\u00e9 a pr\u00f3xima quinta-feira, 10. O DAM estar\u00e1 dispon\u00edvel no site da PJF at\u00e9 as 20 horas de quinta-feira, 10.<\/p>\n<p>De acordo com o secret\u00e1rio da Fazenda, F\u00falvio Albertoni, \u201ca emiss\u00e3o via internet agiliza o acesso ao documento e oferece comodidade aos contribuintes, evitando que enfrentem filas no Espa\u00e7o Cidad\u00e3o e nos centros regionais\u201d. O secret\u00e1rio ressaltou que \u201co contribuinte que optar pelo pagamento via internet\/banking deve ficar atento ao hor\u00e1rio de atendimento do seu banco, para garantir o desconto\u201d.<\/p>\n<p><b>Onde pagar o IPTU 2019<\/b><\/p>\n<p>No Banco do Brasil, Mercantil do Brasil, Bradesco, Santander, Bancoob e na Caixa Econ\u00f4mica Federal (CEF). As lot\u00e9ricas receber\u00e3o o pagamento com valor de at\u00e9 R$ 2 mil. Acima disso, dever\u00e1 ser feito, preferencialmente, pela internet\/office banking do seu banco, ou nos guich\u00eas da CEF, inclusive para os clientes de bancos n\u00e3o credenciados.<\/p>\n<p>Quem n\u00e3o puder acessar o documento via internet pode procurar o Espa\u00e7o Cidad\u00e3o JF\/Centro e as regionais:<\/p>\n<p>&#8211; Espa\u00e7o Cidad\u00e3o JF: Avenida Bar\u00e3o do Rio Branco, 2.234 &#8211; Centro, ao lado do Parque Halfeld;<\/p>\n<p>&#8211; Centro Regional Sul: Rua Porto das Flores, 270 &#8211; Bairro Santa Luzia;<\/p>\n<p>&#8211; Centro Regional Norte: Rua In\u00eas Garcia, 357 &#8211; Benfica;<\/p>\n<p>&#8211; Centro Regional Oeste: Rua Orestes Fabiano Alves, 65 &#8211; S\u00e3o Pedro;<\/p>\n<p>&#8211; Centro Regional Nordeste: Rua Santa Terezinha, 172 &#8211; Santa Terezinha.<\/p>\n<p>&nbsp;<\/p>\n<p>Fonte: PJF<\/p>\n","protected":false},"excerpt":{"rendered":"<p>At\u00e9 este domingo, 6, foram impressos 40.381 carn\u00eas do Imposto Predial e Territorial Urbano (IPTU) 2019 para pagamento \u00e0 vista, com 10% de desconto. Desse total, 37.274 foram emitidos via internet, pelo portal\u00a0pjf.mg.gov.br da Prefeitura de Juiz de Fora (PJF), e 3.107 atrav\u00e9s do atendimento presencial do Espa\u00e7o Cidad\u00e3o JF \u2013 Centro e Regionais. O [&hellip;]<\/p>\n","protected":false},"author":96,"featured_media":130190,"comment_status":"closed","ping_status":"closed","sticky":false,"template":"","format":"standard","meta":{"footnotes":""},"categories":[253,436,440,439],"tags":[],"class_list":["post-130189","post","type-post","status-publish","format-standard","has-post-thumbnail","hentry","category-cidade","category-destaque-da-semana","category-destaques-do-dia","category-ultima-hora"],"_links":{"self":[{"href":"https:\/\/diarioregionaldigital.com.br\/index.php?rest_route=\/wp\/v2\/posts\/130189","targetHints":{"allow":["GET"]}}],"collection":[{"href":"https:\/\/diarioregionaldigital.com.br\/index.php?rest_route=\/wp\/v2\/posts"}],"about":[{"href":"https:\/\/diarioregionaldigital.com.br\/index.php?rest_route=\/wp\/v2\/types\/post"}],"author":[{"embeddable":true,"href":"https:\/\/diarioregionaldigital.com.br\/index.php?rest_route=\/wp\/v2\/users\/96"}],"replies":[{"embeddable":true,"href":"https:\/\/diarioregionaldigital.com.br\/index.php?rest_route=%2Fwp%2Fv2%2Fcomments&post=130189"}],"version-history":[{"count":0,"href":"https:\/\/diarioregionaldigital.com.br\/index.php?rest_route=\/wp\/v2\/posts\/130189\/revisions"}],"wp:featuredmedia":[{"embeddable":true,"href":"https:\/\/diarioregionaldigital.com.br\/index.php?rest_route=\/wp\/v2\/media\/130190"}],"wp:attachment":[{"href":"https:\/\/diarioregionaldigital.com.br\/index.php?rest_route=%2Fwp%2Fv2%2Fmedia&parent=130189"}],"wp:term":[{"taxonomy":"category","embeddable":true,"href":"https:\/\/diarioregionaldigital.com.br\/index.php?rest_route=%2Fwp%2Fv2%2Fcategories&post=130189"},{"taxonomy":"post_tag","embeddable":true,"href":"https:\/\/diarioregionaldigital.com.br\/index.php?rest_route=%2Fwp%2Fv2%2Ftags&post=130189"}],"curies":[{"name":"wp","href":"https:\/\/api.w.org\/{rel}","templated":true}]}}