{"id":130173,"date":"2019-01-07T16:42:30","date_gmt":"2019-01-07T18:42:30","guid":{"rendered":"https:\/\/diarioregionaldigital.com.br\/?p=130173"},"modified":"2019-01-07T18:39:32","modified_gmt":"2019-01-07T20:39:32","slug":"linhas-de-onibus-sofrem-alteracoes-de-itinerario-por-orientacoes-da-defesa-civil","status":"publish","type":"post","link":"https:\/\/diarioregionaldigital.com.br\/?p=130173","title":{"rendered":"Linhas de \u00f4nibus sofrem altera\u00e7\u00f5es de itiner\u00e1rio por orienta\u00e7\u00f5es da Defesa Civil"},"content":{"rendered":"<p>A Secretaria de Transporte e Tr\u00e2nsito (Settra) da Prefeitura de Juiz de Fora (PJF) modificou provisoriamente o itiner\u00e1rio das linhas 405- Santa Rita\/Alto Tr\u00eas Moinhos e 406- Santa Rita. A mudan\u00e7a ocorre em virtude da limita\u00e7\u00e3o de tr\u00e1fego de ve\u00edculos pesados na Rua Geraldo Paleta, no Bairro Santa Rita. N\u00e3o haver\u00e1 mudan\u00e7as no quadro de hor\u00e1rios.<\/p>\n<p>A Defesa Civil refor\u00e7a a import\u00e2ncia da interdi\u00e7\u00e3o da rua para ve\u00edculos pesados, pois proporciona uma estabilidade da via e a seguran\u00e7a dos moradores, e tamb\u00e9m, para que os t\u00e9cnicos possam analisar as causas dos problemas.<\/p>\n<p><b>Itiner\u00e1rio provis\u00f3rio sentido Centro\/Bairro:<\/b><\/p>\n<p>Rua Orville Derbi Dutra, Rua Major Anast\u00e1cio Neto e Rua Jos\u00e9 Vicente.<\/p>\n<p><b>Sentido Bairro\/Centro:<\/b><\/p>\n<p>Rua Jos\u00e9 Vicente, Rua Major Anast\u00e1cio Neto e Rua Orville Derbi Dutra.<\/p>\n<p>Fonte: PJF<\/p>\n","protected":false},"excerpt":{"rendered":"<p>A Secretaria de Transporte e Tr\u00e2nsito (Settra) da Prefeitura de Juiz de Fora (PJF) modificou provisoriamente o itiner\u00e1rio das linhas 405- Santa Rita\/Alto Tr\u00eas Moinhos e 406- Santa Rita. A mudan\u00e7a ocorre em virtude da limita\u00e7\u00e3o de tr\u00e1fego de ve\u00edculos pesados na Rua Geraldo Paleta, no Bairro Santa Rita. N\u00e3o haver\u00e1 mudan\u00e7as no quadro de [&hellip;]<\/p>\n","protected":false},"author":96,"featured_media":104511,"comment_status":"closed","ping_status":"closed","sticky":false,"template":"","format":"standard","meta":{"footnotes":""},"categories":[253,436,439],"tags":[],"class_list":["post-130173","post","type-post","status-publish","format-standard","has-post-thumbnail","hentry","category-cidade","category-destaque-da-semana","category-ultima-hora"],"_links":{"self":[{"href":"https:\/\/diarioregionaldigital.com.br\/index.php?rest_route=\/wp\/v2\/posts\/130173","targetHints":{"allow":["GET"]}}],"collection":[{"href":"https:\/\/diarioregionaldigital.com.br\/index.php?rest_route=\/wp\/v2\/posts"}],"about":[{"href":"https:\/\/diarioregionaldigital.com.br\/index.php?rest_route=\/wp\/v2\/types\/post"}],"author":[{"embeddable":true,"href":"https:\/\/diarioregionaldigital.com.br\/index.php?rest_route=\/wp\/v2\/users\/96"}],"replies":[{"embeddable":true,"href":"https:\/\/diarioregionaldigital.com.br\/index.php?rest_route=%2Fwp%2Fv2%2Fcomments&post=130173"}],"version-history":[{"count":0,"href":"https:\/\/diarioregionaldigital.com.br\/index.php?rest_route=\/wp\/v2\/posts\/130173\/revisions"}],"wp:featuredmedia":[{"embeddable":true,"href":"https:\/\/diarioregionaldigital.com.br\/index.php?rest_route=\/wp\/v2\/media\/104511"}],"wp:attachment":[{"href":"https:\/\/diarioregionaldigital.com.br\/index.php?rest_route=%2Fwp%2Fv2%2Fmedia&parent=130173"}],"wp:term":[{"taxonomy":"category","embeddable":true,"href":"https:\/\/diarioregionaldigital.com.br\/index.php?rest_route=%2Fwp%2Fv2%2Fcategories&post=130173"},{"taxonomy":"post_tag","embeddable":true,"href":"https:\/\/diarioregionaldigital.com.br\/index.php?rest_route=%2Fwp%2Fv2%2Ftags&post=130173"}],"curies":[{"name":"wp","href":"https:\/\/api.w.org\/{rel}","templated":true}]}}