{"id":130170,"date":"2019-01-07T16:13:43","date_gmt":"2019-01-07T18:13:43","guid":{"rendered":"https:\/\/diarioregionaldigital.com.br\/?p=130170"},"modified":"2019-01-07T16:13:43","modified_gmt":"2019-01-07T18:13:43","slug":"ufjf-abre-inscricao-para-selecao-de-professores-substitutos","status":"publish","type":"post","link":"https:\/\/diarioregionaldigital.com.br\/?p=130170","title":{"rendered":"UFJF abre inscri\u00e7\u00e3o para sele\u00e7\u00e3o de professores substitutos"},"content":{"rendered":"<p>As inscri\u00e7\u00f5es do processo seletivo simplificado para contrata\u00e7\u00e3o de 24 professores substitutos da Universidade Federal de Juiz de Fora (UFJF) t\u00eam in\u00edcio nesta segunda-feira, 7, e se estendem at\u00e9 o pr\u00f3ximo dia 14. As vagas, divulgadas pela Pr\u00f3-reitoria de Gest\u00e3o de Pessoas (Progepe), s\u00e3o para os campi de Juiz de Fora, Governador Valadares, para o Col\u00e9gio de Aplica\u00e7\u00e3o Jo\u00e3o XXIII e <a href=\"http:\/\/www.ufjf.br\/concurso\/selecao-de-temporarios\/selecao-docentes-temporarios\/ano-2019\/\" target=\"_blank\" rel=\"noopener\">podem ser conferidas no link<\/a>.<\/p>\n<p>O processo \u00e9 regido pelos editais n\u00ba 45 a 67 e 69, bem como pelo <a href=\"http:\/\/www.ufjf.br\/concurso\/files\/2018\/12\/EDITAL-DE-CONDI%C3%87%C3%95ES-GERAIS-UFJF-Vers%C3%A3o-Final-19.12.2018-PUBLICAR.pdf\" target=\"_blank\" rel=\"noopener\">edital normativo n\u00ba44<\/a>. As 17 vagas destinadas ao campus sede est\u00e3o distribu\u00eddas entre os institutos de Ci\u00eancias Humanas (1), Ci\u00eancias Exatas (2) e Artes e Design (5), al\u00e9m das Faculdades de Servi\u00e7o Social (1), Medicina (1), Letras (2), Educa\u00e7\u00e3o (3), Administra\u00e7\u00e3o e Ci\u00eancias Cont\u00e1beis (1) e Arquitetura e Urbanismo (1). No campus avan\u00e7ado de Governador Valadares, abrem-se seis vagas, sendo quatro no Instituto de Ci\u00eancias da Vida e duas no Instituto de Ci\u00eancias Sociais Aplicadas. Para o Col\u00e9gio de Aplica\u00e7\u00e3o Jo\u00e3o XXIII foi destinada uma vaga no Departamento de Letras e Artes.<\/p>\n<p><b>Inscri\u00e7\u00f5es<\/b><\/p>\n<p>N\u00e3o ser\u00e3o cobradas taxas. As inscri\u00e7\u00f5es podem ser efetuadas pessoalmente ou por terceiros, diretamente nas secretarias das unidades acad\u00eamicas \u00e0s quais cada departamento est\u00e1 vinculado, nos dois campi, ou no Col\u00e9gio de Aplica\u00e7\u00e3o Jo\u00e3o XXIII, na rua Visconde de Mau\u00e1 300, bairro Santa Helena, nos hor\u00e1rios das 9h \u00e0s 12h e das 13h \u00e0s 16h. O per\u00edodo n\u00e3o inclui s\u00e1bados, domingos, feriados e recessos.<\/p>\n<p>Os requerimentos de inscri\u00e7\u00e3o e a respectiva documenta\u00e7\u00e3o poder\u00e3o ser enviados via postal, desde que recebidos no setor respons\u00e1vel pelos servi\u00e7os de protocolo dentro do per\u00edodo estipulado.<\/p>\n<p><b>Provas<\/b><\/p>\n<p>As datas, hor\u00e1rios e locais da instala\u00e7\u00e3o da banca examinadora podem ser conferidas nos editais. As datas e os hor\u00e1rios das provas ser\u00e3o informados pela banca logo ap\u00f3s a sua instala\u00e7\u00e3o, com a divulga\u00e7\u00e3o do cronograma inicial das primeiras provas e do cronograma final, relativo \u00e0s demais provas.<\/p>\n<p><b>Remunera\u00e7\u00e3o e validade<\/b><\/p>\n<p>A remunera\u00e7\u00e3o do professor contratado ser\u00e1 composta por vencimento b\u00e1sico e retribui\u00e7\u00e3o por titula\u00e7\u00e3o. Os processos seletivos ser\u00e3o v\u00e1lidos por um ano.<\/p>\n<p>Outras informa\u00e7\u00f5es: (32) 2102-3930 \u2013 Pr\u00f3-reitoria de Gest\u00e3o de Pessoas<\/p>\n<p>Fonte: UFJF<\/p>\n","protected":false},"excerpt":{"rendered":"<p>As inscri\u00e7\u00f5es do processo seletivo simplificado para contrata\u00e7\u00e3o de 24 professores substitutos da Universidade Federal de Juiz de Fora (UFJF) t\u00eam in\u00edcio nesta segunda-feira, 7, e se estendem at\u00e9 o pr\u00f3ximo dia 14. As vagas, divulgadas pela Pr\u00f3-reitoria de Gest\u00e3o de Pessoas (Progepe), s\u00e3o para os campi de Juiz de Fora, Governador Valadares, para o [&hellip;]<\/p>\n","protected":false},"author":96,"featured_media":130171,"comment_status":"closed","ping_status":"closed","sticky":false,"template":"","format":"standard","meta":{"footnotes":""},"categories":[253,436,307,439],"tags":[],"class_list":["post-130170","post","type-post","status-publish","format-standard","has-post-thumbnail","hentry","category-cidade","category-destaque-da-semana","category-editais","category-ultima-hora"],"_links":{"self":[{"href":"https:\/\/diarioregionaldigital.com.br\/index.php?rest_route=\/wp\/v2\/posts\/130170","targetHints":{"allow":["GET"]}}],"collection":[{"href":"https:\/\/diarioregionaldigital.com.br\/index.php?rest_route=\/wp\/v2\/posts"}],"about":[{"href":"https:\/\/diarioregionaldigital.com.br\/index.php?rest_route=\/wp\/v2\/types\/post"}],"author":[{"embeddable":true,"href":"https:\/\/diarioregionaldigital.com.br\/index.php?rest_route=\/wp\/v2\/users\/96"}],"replies":[{"embeddable":true,"href":"https:\/\/diarioregionaldigital.com.br\/index.php?rest_route=%2Fwp%2Fv2%2Fcomments&post=130170"}],"version-history":[{"count":0,"href":"https:\/\/diarioregionaldigital.com.br\/index.php?rest_route=\/wp\/v2\/posts\/130170\/revisions"}],"wp:featuredmedia":[{"embeddable":true,"href":"https:\/\/diarioregionaldigital.com.br\/index.php?rest_route=\/wp\/v2\/media\/130171"}],"wp:attachment":[{"href":"https:\/\/diarioregionaldigital.com.br\/index.php?rest_route=%2Fwp%2Fv2%2Fmedia&parent=130170"}],"wp:term":[{"taxonomy":"category","embeddable":true,"href":"https:\/\/diarioregionaldigital.com.br\/index.php?rest_route=%2Fwp%2Fv2%2Fcategories&post=130170"},{"taxonomy":"post_tag","embeddable":true,"href":"https:\/\/diarioregionaldigital.com.br\/index.php?rest_route=%2Fwp%2Fv2%2Ftags&post=130170"}],"curies":[{"name":"wp","href":"https:\/\/api.w.org\/{rel}","templated":true}]}}