{"id":130165,"date":"2019-01-07T11:15:21","date_gmt":"2019-01-07T13:15:21","guid":{"rendered":"https:\/\/diarioregionaldigital.com.br\/?p=130165"},"modified":"2019-01-07T12:23:27","modified_gmt":"2019-01-07T14:23:27","slug":"semana-sera-de-altas-temperaturas-em-juiz-de-fora","status":"publish","type":"post","link":"https:\/\/diarioregionaldigital.com.br\/?p=130165","title":{"rendered":"Semana ser\u00e1 de altas temperaturas em Juiz de Fora"},"content":{"rendered":"<p>Juiz de Fora e regi\u00e3o devem registrar altas temperaturas durante essa semana. De acordo com o Inmet (Instituto Nacional de Meteorologia), as m\u00e1ximas devem varias entre 30\u00b0C e 32\u00b0C enquanto que as m\u00ednimas n\u00e3o passam de 16\u00b0C.<\/p>\n<p>Nesta segunda-feira, 7, o tempo ser\u00e1 firme. Os term\u00f4metros devem ficar na casa dos 32\u00baC. J\u00e1 na ter\u00e7a-feira, 8, o predom\u00ednio \u00e9 de sol. As temperaturas podem atingir 30\u00b0C.<\/p>\n<p>Por sua vez, na quarta, 9, quinta, 10, e sexta-feira, 11, o tempo segue firme, com previs\u00e3o de c\u00e9u parcialmente nublado, e sem incid\u00eancia de chuvas. A temperatura m\u00e1xima varia entre 20\u00b0C e 30\u00b0C, enquanto a m\u00ednima entre 16\u00b0C e 19\u00b0C.<\/p>\n","protected":false},"excerpt":{"rendered":"<p>Juiz de Fora e regi\u00e3o devem registrar altas temperaturas durante essa semana. De acordo com o Inmet (Instituto Nacional de Meteorologia), as m\u00e1ximas devem varias entre 30\u00b0C e 32\u00b0C enquanto que as m\u00ednimas n\u00e3o passam de 16\u00b0C. Nesta segunda-feira, 7, o tempo ser\u00e1 firme. Os term\u00f4metros devem ficar na casa dos 32\u00baC. J\u00e1 na ter\u00e7a-feira, [&hellip;]<\/p>\n","protected":false},"author":96,"featured_media":0,"comment_status":"closed","ping_status":"closed","sticky":false,"template":"","format":"standard","meta":{"footnotes":""},"categories":[253,436,440,439],"tags":[],"class_list":["post-130165","post","type-post","status-publish","format-standard","hentry","category-cidade","category-destaque-da-semana","category-destaques-do-dia","category-ultima-hora"],"_links":{"self":[{"href":"https:\/\/diarioregionaldigital.com.br\/index.php?rest_route=\/wp\/v2\/posts\/130165","targetHints":{"allow":["GET"]}}],"collection":[{"href":"https:\/\/diarioregionaldigital.com.br\/index.php?rest_route=\/wp\/v2\/posts"}],"about":[{"href":"https:\/\/diarioregionaldigital.com.br\/index.php?rest_route=\/wp\/v2\/types\/post"}],"author":[{"embeddable":true,"href":"https:\/\/diarioregionaldigital.com.br\/index.php?rest_route=\/wp\/v2\/users\/96"}],"replies":[{"embeddable":true,"href":"https:\/\/diarioregionaldigital.com.br\/index.php?rest_route=%2Fwp%2Fv2%2Fcomments&post=130165"}],"version-history":[{"count":0,"href":"https:\/\/diarioregionaldigital.com.br\/index.php?rest_route=\/wp\/v2\/posts\/130165\/revisions"}],"wp:attachment":[{"href":"https:\/\/diarioregionaldigital.com.br\/index.php?rest_route=%2Fwp%2Fv2%2Fmedia&parent=130165"}],"wp:term":[{"taxonomy":"category","embeddable":true,"href":"https:\/\/diarioregionaldigital.com.br\/index.php?rest_route=%2Fwp%2Fv2%2Fcategories&post=130165"},{"taxonomy":"post_tag","embeddable":true,"href":"https:\/\/diarioregionaldigital.com.br\/index.php?rest_route=%2Fwp%2Fv2%2Ftags&post=130165"}],"curies":[{"name":"wp","href":"https:\/\/api.w.org\/{rel}","templated":true}]}}