{"id":130159,"date":"2019-01-07T11:00:05","date_gmt":"2019-01-07T13:00:05","guid":{"rendered":"https:\/\/diarioregionaldigital.com.br\/?p=130159"},"modified":"2019-01-07T12:24:24","modified_gmt":"2019-01-07T14:24:24","slug":"grupos-de-jf-mantem-viva-a-tradicao-de-folia-de-reis","status":"publish","type":"post","link":"https:\/\/diarioregionaldigital.com.br\/?p=130159","title":{"rendered":"Grupos de JF mant\u00eam viva a tradi\u00e7\u00e3o de Folia de Reis"},"content":{"rendered":"<p>Encerrando um ciclo de 12 dias de peregrina\u00e7\u00e3o, iniciado em 24 de dezembro, 11 grupos de Folia de Reis movimentaram Juiz de Fora no \u00faltimo domingo, 6 \u2013 Dia de Reis, mantendo viva uma das mais antigas tradi\u00e7\u00f5es culturais do Brasil. A jornada de devo\u00e7\u00e3o teve apoio da Funda\u00e7\u00e3o Cultural Alfredo Ferreira Lage (Funalfa), e as \u00faltimas visitas, com entrega das bandeiras, atra\u00edram moradores e pessoas que circulavam por bairros como Ipiranga, Bela Aurora, Teixeiras e Santa Luzia. Com roupas coloridas, c\u00e2nticos, coreografias e versos afiados, os grupos n\u00e3o se renderam ao calor intenso e seguiram seu roteiro, cantando a paz e lembrando a trajet\u00f3ria dos Reis Magos at\u00e9 Bel\u00e9m para adorar o Menino Jesus.<\/p>\n<p>A origem da festa \u00e9 associada a uma tradi\u00e7\u00e3o crist\u00e3 portuguesa e espanhola, trazida para o Brasil provavelmente no s\u00e9culo XIX. Em 2017, o Conselho Estadual de Patrim\u00f4nio de Minas Gerais declarou a Folia de Reis como Patrim\u00f4nio Imaterial do Estado. Com versos preservados de gera\u00e7\u00e3o em gera\u00e7\u00e3o, as folias mesclam religiosidade e cultura popular. \u201cOs Reis Magos s\u00e3o representados pelos m\u00fasicos, sempre divulgando mensagens de paz e amor, desejando sa\u00fade e prosperidade. J\u00e1 os palha\u00e7os, com suas m\u00e1scaras monstruosas, personificam os soldados de Herodes, que tinham a miss\u00e3o de matar o Menino Deus\u201d, explica Andr\u00e9 Brasilino, presidente da Associa\u00e7\u00e3o das Folias de Reis e Charolas de Juiz de Fora.<\/p>\n<p>H\u00e1 35 anos participando das folias, o pintor Gilberto Luiz Romualdo, 54 anos, conta que houve mudan\u00e7as importantes ao longo das d\u00e9cadas. \u201cO folclore \u00e9 o mesmo. A tradi\u00e7\u00e3o em si n\u00e3o mudou, mas as fantasias melhoraram muito. Antes os grupos eram apagados, agora as roupas est\u00e3o mais caprichadas. A rapaziada gostou, e hoje temos mais mobiliza\u00e7\u00e3o popular.\u201d Ele avalia que a tradi\u00e7\u00e3o vem se fortalecendo e sendo preservada.<\/p>\n<p>Os meninos Ariel da Silva, 10, Marcelo Augusto, 11, e \u00cdtalo Eup\u00eddio, 13, est\u00e3o entre os representantes da nova gera\u00e7\u00e3o. Eles fizeram sua estreia no grupo Resposta do Oriente Jesus Vivo e n\u00e3o escondiam a satisfa\u00e7\u00e3o de participar do festejo. Devidamente uniformizados, contaram sobre a emo\u00e7\u00e3o e a responsabilidade de manter uma tradi\u00e7\u00e3o t\u00e3o antiga. \u201cAl\u00e9m disso, \u00e9 muito legal viajar com o pessoal do grupo, conhecer outros lugares, outras pessoas\u201d, observou Ariel.<\/p>\n<p>Neto e filho de mestres, Leandro Luiz dos Santos decidiu lan\u00e7ar um novo grupo de Folia de Reis, o Descendentes do Pai Eterno, que fez sua primeira peregrina\u00e7\u00e3o. \u201cEu integrava outro grupo, mas fundei esse para ampliar as chances de participa\u00e7\u00e3o dos meninos mais novos. Nossa tradi\u00e7\u00e3o foi fortalecida, mas ainda est\u00e1 sob risco. Precisamos ficar atentos.\u201d<\/p>\n<p>A manicure Luciene da Gl\u00f3ria, 26 anos, que recebeu em casa, no Bela Aurora, um dos grupos locais, \u00e9 parte da rede de apoio \u00e0 tradi\u00e7\u00e3o cultural. \u201cAcompanho as folias desde pequena. Come\u00e7ou com meu irm\u00e3o que, ao avistar um grupo, sa\u00eda pelas ruas. Hoje ele \u00e9 um dos palha\u00e7os. Pegamos amor por essa cultura e estamos sempre ajudando a preserv\u00e1-la.\u201d A diretora de Cultura da Funalfa, Giovana Bellini, defende a import\u00e2ncia de resgatar e difundir a cultura popular, como o caso da Folia de Reis \u201cA cultura \u00e9 a pr\u00f3pria identidade de um povo. \u00c9 a nossa ess\u00eancia\u201d.<\/p>\n<p><em>Fonte: PJF<\/em><\/p>\n","protected":false},"excerpt":{"rendered":"<p>Encerrando um ciclo de 12 dias de peregrina\u00e7\u00e3o, iniciado em 24 de dezembro, 11 grupos de Folia de Reis movimentaram Juiz de Fora no \u00faltimo domingo, 6 \u2013 Dia de Reis, mantendo viva uma das mais antigas tradi\u00e7\u00f5es culturais do Brasil. A jornada de devo\u00e7\u00e3o teve apoio da Funda\u00e7\u00e3o Cultural Alfredo Ferreira Lage (Funalfa), e [&hellip;]<\/p>\n","protected":false},"author":96,"featured_media":0,"comment_status":"closed","ping_status":"closed","sticky":false,"template":"","format":"standard","meta":{"footnotes":""},"categories":[253,436,440,439],"tags":[],"class_list":["post-130159","post","type-post","status-publish","format-standard","hentry","category-cidade","category-destaque-da-semana","category-destaques-do-dia","category-ultima-hora"],"_links":{"self":[{"href":"https:\/\/diarioregionaldigital.com.br\/index.php?rest_route=\/wp\/v2\/posts\/130159","targetHints":{"allow":["GET"]}}],"collection":[{"href":"https:\/\/diarioregionaldigital.com.br\/index.php?rest_route=\/wp\/v2\/posts"}],"about":[{"href":"https:\/\/diarioregionaldigital.com.br\/index.php?rest_route=\/wp\/v2\/types\/post"}],"author":[{"embeddable":true,"href":"https:\/\/diarioregionaldigital.com.br\/index.php?rest_route=\/wp\/v2\/users\/96"}],"replies":[{"embeddable":true,"href":"https:\/\/diarioregionaldigital.com.br\/index.php?rest_route=%2Fwp%2Fv2%2Fcomments&post=130159"}],"version-history":[{"count":0,"href":"https:\/\/diarioregionaldigital.com.br\/index.php?rest_route=\/wp\/v2\/posts\/130159\/revisions"}],"wp:attachment":[{"href":"https:\/\/diarioregionaldigital.com.br\/index.php?rest_route=%2Fwp%2Fv2%2Fmedia&parent=130159"}],"wp:term":[{"taxonomy":"category","embeddable":true,"href":"https:\/\/diarioregionaldigital.com.br\/index.php?rest_route=%2Fwp%2Fv2%2Fcategories&post=130159"},{"taxonomy":"post_tag","embeddable":true,"href":"https:\/\/diarioregionaldigital.com.br\/index.php?rest_route=%2Fwp%2Fv2%2Ftags&post=130159"}],"curies":[{"name":"wp","href":"https:\/\/api.w.org\/{rel}","templated":true}]}}