{"id":130156,"date":"2019-01-07T11:52:18","date_gmt":"2019-01-07T13:52:18","guid":{"rendered":"https:\/\/diarioregionaldigital.com.br\/?p=130156"},"modified":"2019-01-07T11:52:18","modified_gmt":"2019-01-07T13:52:18","slug":"primeiro-encontro-do-projeto-sol-acontece-nesta-segunda-feira","status":"publish","type":"post","link":"https:\/\/diarioregionaldigital.com.br\/?p=130156","title":{"rendered":"Primeiro encontro do &#8220;Projeto Sol&#8221; acontece nesta segunda-feira"},"content":{"rendered":"<p>Nesta segunda-feira, 7, acontece o primeiro encontro do &#8220;Projeto Sol &#8211; Abra\u00e7ando a Vida&#8221;. O evento vai acontecer no Ritz Plaza Hotel, na Avenida Rio Bar\u00e3o do Rio Branco, 2000, no Centro da cidade, das 19h30 \u00e0s 22h.<\/p>\n<p>A iniciativa foi criada especialmente para apoiar pessoas que estejam passando por quadros de atribula\u00e7\u00f5es mentais, como depress\u00e3o, transtorno de ansiedade e estresse.<\/p>\n<p>No primeiro encontro, ser\u00e3o disponibilizadas para a popula\u00e7\u00e3o, rodas de conversas, apresenta\u00e7\u00f5es musicais, artesanato, massagem, alongamento, yoga, dan\u00e7a. O evento \u00e9 gratuito.<\/p>\n","protected":false},"excerpt":{"rendered":"<p>Nesta segunda-feira, 7, acontece o primeiro encontro do &#8220;Projeto Sol &#8211; Abra\u00e7ando a Vida&#8221;. O evento vai acontecer no Ritz Plaza Hotel, na Avenida Rio Bar\u00e3o do Rio Branco, 2000, no Centro da cidade, das 19h30 \u00e0s 22h. A iniciativa foi criada especialmente para apoiar pessoas que estejam passando por quadros de atribula\u00e7\u00f5es mentais, como [&hellip;]<\/p>\n","protected":false},"author":96,"featured_media":0,"comment_status":"closed","ping_status":"closed","sticky":false,"template":"","format":"standard","meta":{"footnotes":""},"categories":[256,439],"tags":[],"class_list":["post-130156","post","type-post","status-publish","format-standard","hentry","category-cultura","category-ultima-hora"],"_links":{"self":[{"href":"https:\/\/diarioregionaldigital.com.br\/index.php?rest_route=\/wp\/v2\/posts\/130156","targetHints":{"allow":["GET"]}}],"collection":[{"href":"https:\/\/diarioregionaldigital.com.br\/index.php?rest_route=\/wp\/v2\/posts"}],"about":[{"href":"https:\/\/diarioregionaldigital.com.br\/index.php?rest_route=\/wp\/v2\/types\/post"}],"author":[{"embeddable":true,"href":"https:\/\/diarioregionaldigital.com.br\/index.php?rest_route=\/wp\/v2\/users\/96"}],"replies":[{"embeddable":true,"href":"https:\/\/diarioregionaldigital.com.br\/index.php?rest_route=%2Fwp%2Fv2%2Fcomments&post=130156"}],"version-history":[{"count":0,"href":"https:\/\/diarioregionaldigital.com.br\/index.php?rest_route=\/wp\/v2\/posts\/130156\/revisions"}],"wp:attachment":[{"href":"https:\/\/diarioregionaldigital.com.br\/index.php?rest_route=%2Fwp%2Fv2%2Fmedia&parent=130156"}],"wp:term":[{"taxonomy":"category","embeddable":true,"href":"https:\/\/diarioregionaldigital.com.br\/index.php?rest_route=%2Fwp%2Fv2%2Fcategories&post=130156"},{"taxonomy":"post_tag","embeddable":true,"href":"https:\/\/diarioregionaldigital.com.br\/index.php?rest_route=%2Fwp%2Fv2%2Ftags&post=130156"}],"curies":[{"name":"wp","href":"https:\/\/api.w.org\/{rel}","templated":true}]}}