{"id":130144,"date":"2019-01-07T12:10:00","date_gmt":"2019-01-07T14:10:00","guid":{"rendered":"https:\/\/diarioregionaldigital.com.br\/?p=130144"},"modified":"2019-01-07T12:14:21","modified_gmt":"2019-01-07T14:14:21","slug":"policia-apreende-mais-de-100-tabletes-de-maconha-em-muriae","status":"publish","type":"post","link":"https:\/\/diarioregionaldigital.com.br\/?p=130144","title":{"rendered":"Pol\u00edcia prende suspeito por tr\u00e1fico internacional de drogas em Muria\u00e9"},"content":{"rendered":"<p>Mais de 110 tabletes de maconha foram apreendidos, nesse domingo, 6,\u00a0 pela Pol\u00edcia Civil em Muri\u00e1e. A opera\u00e7\u00e3o &#8220;Advento&#8221;, culminou na pris\u00e3o em flagrante de um homem de 46 anos, por tr\u00e1fico internacional de drogas.<\/p>\n<p>De acordo com informa\u00e7\u00f5es, policiais civis realizaram a abordagem do suspeito em um ve\u00edculo que transitava pela BR-116. Durante as buscas, foram localizadas cerca de 110 barras de maconha. A droga estava no interior de uma caixa de som no porta-malas do carro.<\/p>\n<p>Segundo investiga\u00e7\u00f5es, ele teria ido ao Paraguai para buscar a droga, que seria, posteriormente, distribu\u00edda em Muri\u00e1e e regi\u00e3o.<\/p>\n<p>O homem foi encaminhado para a unidade prisional.<\/p>\n","protected":false},"excerpt":{"rendered":"<p>Mais de 110 tabletes de maconha foram apreendidos, nesse domingo, 6,\u00a0 pela Pol\u00edcia Civil em Muri\u00e1e. A opera\u00e7\u00e3o &#8220;Advento&#8221;, culminou na pris\u00e3o em flagrante de um homem de 46 anos, por tr\u00e1fico internacional de drogas. De acordo com informa\u00e7\u00f5es, policiais civis realizaram a abordagem do suspeito em um ve\u00edculo que transitava pela BR-116. Durante as [&hellip;]<\/p>\n","protected":false},"author":96,"featured_media":0,"comment_status":"closed","ping_status":"closed","sticky":false,"template":"","format":"standard","meta":{"footnotes":""},"categories":[436,440,252,439],"tags":[],"class_list":["post-130144","post","type-post","status-publish","format-standard","hentry","category-destaque-da-semana","category-destaques-do-dia","category-regiao","category-ultima-hora"],"_links":{"self":[{"href":"https:\/\/diarioregionaldigital.com.br\/index.php?rest_route=\/wp\/v2\/posts\/130144","targetHints":{"allow":["GET"]}}],"collection":[{"href":"https:\/\/diarioregionaldigital.com.br\/index.php?rest_route=\/wp\/v2\/posts"}],"about":[{"href":"https:\/\/diarioregionaldigital.com.br\/index.php?rest_route=\/wp\/v2\/types\/post"}],"author":[{"embeddable":true,"href":"https:\/\/diarioregionaldigital.com.br\/index.php?rest_route=\/wp\/v2\/users\/96"}],"replies":[{"embeddable":true,"href":"https:\/\/diarioregionaldigital.com.br\/index.php?rest_route=%2Fwp%2Fv2%2Fcomments&post=130144"}],"version-history":[{"count":0,"href":"https:\/\/diarioregionaldigital.com.br\/index.php?rest_route=\/wp\/v2\/posts\/130144\/revisions"}],"wp:attachment":[{"href":"https:\/\/diarioregionaldigital.com.br\/index.php?rest_route=%2Fwp%2Fv2%2Fmedia&parent=130144"}],"wp:term":[{"taxonomy":"category","embeddable":true,"href":"https:\/\/diarioregionaldigital.com.br\/index.php?rest_route=%2Fwp%2Fv2%2Fcategories&post=130144"},{"taxonomy":"post_tag","embeddable":true,"href":"https:\/\/diarioregionaldigital.com.br\/index.php?rest_route=%2Fwp%2Fv2%2Ftags&post=130144"}],"curies":[{"name":"wp","href":"https:\/\/api.w.org\/{rel}","templated":true}]}}