{"id":130142,"date":"2019-01-07T10:45:57","date_gmt":"2019-01-07T12:45:57","guid":{"rendered":"https:\/\/diarioregionaldigital.com.br\/?p=130142"},"modified":"2019-01-07T10:47:41","modified_gmt":"2019-01-07T12:47:41","slug":"bolsonaro-diz-que-caixa-preta-de-orgaos-federais-comecou-a-ser-aberta","status":"publish","type":"post","link":"https:\/\/diarioregionaldigital.com.br\/?p=130142","title":{"rendered":"Bolsonaro diz que caixa-preta de \u00f3rg\u00e3os federais come\u00e7ou a ser aberta"},"content":{"rendered":"<p>Horas antes de dar posse nesta segunda-feira, 7, em solenidade no Pal\u00e1cio do Planalto, aos dirigentes do Banco do Brasil, Banco Nacional de Desenvolvimento Econ\u00f4mico e Social (BNDES) e Caixa Econ\u00f4mica Federal, o presidente Jair Bolsonaro disse que a caixa-preta de diversos \u00f3rg\u00e3os come\u00e7ou a ser aberta. Na sua conta pessoal do Twitter, Bolsonaro afirmou que \u201cmuitos contratos foram desfeitos e ser\u00e3o expostos\u201d.<\/p>\n<p>Segundo ele, &#8220;com poucos dias de governo, n\u00e3o s\u00f3 a caixa-preta do BNDES, mas [tamb\u00e9m] de outros \u00f3rg\u00e3os&#8221;, est\u00e1 sendo levantada e ser\u00e1 divulgada. &#8220;Muitos contratos foram desfeitos e ser\u00e3o expostos, como o de R$44 milh\u00f5es para criar criptomoeda ind\u00edgena que foi barrado pela ministra [de Mulheres, Fam\u00edlia e Direitos Humanos] Damares [Alves] e outros\u201d, completou.<\/p>\n<p>O presidente se refere \u00e0 decis\u00e3o de Damares Alves de suspender um contrato de R$44,9 milh\u00f5es da Funda\u00e7\u00e3o Nacional do \u00cdndio (Funai) que inclu\u00eda a elabora\u00e7\u00e3o de mapeamento funcional, cria\u00e7\u00e3o de banco de dados territoriais e implementa\u00e7\u00e3o de criptomoeda para popula\u00e7\u00f5es ind\u00edgenas, segundo a imprensa.<\/p>\n<p>Tamb\u00e9m nesta segunda-feira, 7, tomar\u00e3o posse no Banco Brasil, Rubem Novaes; no BNDES, Joaquim Levy; e na Caixa, Pedro Guimar\u00e3es.<\/p>\n<p><em>Fonte: Ag\u00eancia Brasil<\/em><\/p>\n","protected":false},"excerpt":{"rendered":"<p>Horas antes de dar posse nesta segunda-feira, 7, em solenidade no Pal\u00e1cio do Planalto, aos dirigentes do Banco do Brasil, Banco Nacional de Desenvolvimento Econ\u00f4mico e Social (BNDES) e Caixa Econ\u00f4mica Federal, o presidente Jair Bolsonaro disse que a caixa-preta de diversos \u00f3rg\u00e3os come\u00e7ou a ser aberta. Na sua conta pessoal do Twitter, Bolsonaro afirmou [&hellip;]<\/p>\n","protected":false},"author":96,"featured_media":0,"comment_status":"closed","ping_status":"closed","sticky":false,"template":"","format":"standard","meta":{"footnotes":""},"categories":[254,439],"tags":[],"class_list":["post-130142","post","type-post","status-publish","format-standard","hentry","category-politica","category-ultima-hora"],"_links":{"self":[{"href":"https:\/\/diarioregionaldigital.com.br\/index.php?rest_route=\/wp\/v2\/posts\/130142","targetHints":{"allow":["GET"]}}],"collection":[{"href":"https:\/\/diarioregionaldigital.com.br\/index.php?rest_route=\/wp\/v2\/posts"}],"about":[{"href":"https:\/\/diarioregionaldigital.com.br\/index.php?rest_route=\/wp\/v2\/types\/post"}],"author":[{"embeddable":true,"href":"https:\/\/diarioregionaldigital.com.br\/index.php?rest_route=\/wp\/v2\/users\/96"}],"replies":[{"embeddable":true,"href":"https:\/\/diarioregionaldigital.com.br\/index.php?rest_route=%2Fwp%2Fv2%2Fcomments&post=130142"}],"version-history":[{"count":0,"href":"https:\/\/diarioregionaldigital.com.br\/index.php?rest_route=\/wp\/v2\/posts\/130142\/revisions"}],"wp:attachment":[{"href":"https:\/\/diarioregionaldigital.com.br\/index.php?rest_route=%2Fwp%2Fv2%2Fmedia&parent=130142"}],"wp:term":[{"taxonomy":"category","embeddable":true,"href":"https:\/\/diarioregionaldigital.com.br\/index.php?rest_route=%2Fwp%2Fv2%2Fcategories&post=130142"},{"taxonomy":"post_tag","embeddable":true,"href":"https:\/\/diarioregionaldigital.com.br\/index.php?rest_route=%2Fwp%2Fv2%2Ftags&post=130142"}],"curies":[{"name":"wp","href":"https:\/\/api.w.org\/{rel}","templated":true}]}}