{"id":130135,"date":"2019-01-07T09:22:51","date_gmt":"2019-01-07T11:22:51","guid":{"rendered":"https:\/\/diarioregionaldigital.com.br\/?p=130135"},"modified":"2019-01-07T10:07:10","modified_gmt":"2019-01-07T12:07:10","slug":"policia-civil-vai-investigar-caso-de-homem-encontrado-morto-e-amarrado-em-um-poste","status":"publish","type":"post","link":"https:\/\/diarioregionaldigital.com.br\/?p=130135","title":{"rendered":"Pol\u00edcia Civil vai investigar caso de homem encontrado morto e amarrado em um poste"},"content":{"rendered":"<p>A Pol\u00edcia Civil vai investigar o caso de um homem, 36 anos, encontrado morto e amarrado em um poste na \u00faltima sexta-feira, 4. O caso, a princ\u00edpio, ser\u00e1 encaminhado para a 5\u00aa Delegacia da regi\u00e3o.<\/p>\n<p>O crime aconteceu no bairro Graja\u00fa, na regi\u00e3o Leste de Juiz de Fora. De acordo com informa\u00e7\u00f5es, a Pol\u00edcia Militar chegou at\u00e9 o local ap\u00f3s den\u00fancia de populares que passaram pela rua Vitorino Braga. Chegando, encontraram um homem, j\u00e1 morto, preso a um poste pelo pesco\u00e7o com um fio de telefone.<\/p>\n<p>O Servi\u00e7o de Atendimento M\u00f3vel de Urg\u00eancia (Samu) foi acionado e confirmou a morte. A per\u00edcia tamb\u00e9m compareceu no local. O corpo foi encaminhado para o Instituto M\u00e9dico Legal (IML).<\/p>\n","protected":false},"excerpt":{"rendered":"<p>A Pol\u00edcia Civil vai investigar o caso de um homem, 36 anos, encontrado morto e amarrado em um poste na \u00faltima sexta-feira, 4. O caso, a princ\u00edpio, ser\u00e1 encaminhado para a 5\u00aa Delegacia da regi\u00e3o. O crime aconteceu no bairro Graja\u00fa, na regi\u00e3o Leste de Juiz de Fora. De acordo com informa\u00e7\u00f5es, a Pol\u00edcia Militar [&hellip;]<\/p>\n","protected":false},"author":96,"featured_media":0,"comment_status":"closed","ping_status":"closed","sticky":false,"template":"","format":"standard","meta":{"footnotes":""},"categories":[301,436,440,439],"tags":[],"class_list":["post-130135","post","type-post","status-publish","format-standard","hentry","category-artigos-policiais","category-destaque-da-semana","category-destaques-do-dia","category-ultima-hora"],"_links":{"self":[{"href":"https:\/\/diarioregionaldigital.com.br\/index.php?rest_route=\/wp\/v2\/posts\/130135","targetHints":{"allow":["GET"]}}],"collection":[{"href":"https:\/\/diarioregionaldigital.com.br\/index.php?rest_route=\/wp\/v2\/posts"}],"about":[{"href":"https:\/\/diarioregionaldigital.com.br\/index.php?rest_route=\/wp\/v2\/types\/post"}],"author":[{"embeddable":true,"href":"https:\/\/diarioregionaldigital.com.br\/index.php?rest_route=\/wp\/v2\/users\/96"}],"replies":[{"embeddable":true,"href":"https:\/\/diarioregionaldigital.com.br\/index.php?rest_route=%2Fwp%2Fv2%2Fcomments&post=130135"}],"version-history":[{"count":0,"href":"https:\/\/diarioregionaldigital.com.br\/index.php?rest_route=\/wp\/v2\/posts\/130135\/revisions"}],"wp:attachment":[{"href":"https:\/\/diarioregionaldigital.com.br\/index.php?rest_route=%2Fwp%2Fv2%2Fmedia&parent=130135"}],"wp:term":[{"taxonomy":"category","embeddable":true,"href":"https:\/\/diarioregionaldigital.com.br\/index.php?rest_route=%2Fwp%2Fv2%2Fcategories&post=130135"},{"taxonomy":"post_tag","embeddable":true,"href":"https:\/\/diarioregionaldigital.com.br\/index.php?rest_route=%2Fwp%2Fv2%2Ftags&post=130135"}],"curies":[{"name":"wp","href":"https:\/\/api.w.org\/{rel}","templated":true}]}}