{"id":130130,"date":"2019-01-07T00:38:43","date_gmt":"2019-01-07T02:38:43","guid":{"rendered":"https:\/\/diarioregionaldigital.com.br\/?p=130130"},"modified":"2019-01-07T00:38:43","modified_gmt":"2019-01-07T02:38:43","slug":"arrascaeta-se-pronuncia-sobre-em-rede-social-sobre-sua-situacao-com-o-cruzeiro","status":"publish","type":"post","link":"https:\/\/diarioregionaldigital.com.br\/?p=130130","title":{"rendered":"Arrascaeta se pronuncia sobre em rede social sobre sua situa\u00e7\u00e3o com o Cruzeiro"},"content":{"rendered":"<p>Principal novela dos \u00faltimos dias, o caso Arrascaeta e Cruzeiro ganhou mais um cap\u00edtulo neste s\u00e1bado, 5. \u00a0Depois das acusa\u00e7\u00f5es de Itair Machado, vice de futebol da Raposa, Daniel Fonseca, empres\u00e1rio do atleta, fez mais um comunicado explicando a situa\u00e7\u00e3o. Segundo ele, o Cruzeiro aceitaria vender o uruguaio por 10 milh\u00f5es de euros e, com isso, foi apresentada a proposta do Flamengo.<\/p>\n<p>No entanto, os mineiros recusaram ao saber que a oferta era Rubro-Negro. Depois, ao FOX Sports, o cartola disse conversaria com os cariocas. No entanto, segundo Itair, qualquer negocia\u00e7\u00e3o s\u00f3 acontecer\u00e1 quando o atleta se apresentar ao grupo na Toca da Raposa. Arrascaeta faltou pela terceira vez seguida e est\u00e1 no Uruguai.<\/p>\n<p><strong>Confira abaixo o comunicado:<\/strong><\/p>\n<p>&#8220;<em>O senhor Itair Machado segue dizendo coisas na imprensa que me obrigam a fazer um novo comunicado. Primeiramente gostaria de salientar que o teor da discuss\u00e3o \u00e9 \u00f3bvio, j\u00e1 que estamos falando do melhor jogador do elenco segundo o pr\u00f3prio Itair. Tamb\u00e9m \u00e9 considerado um dos melhores 10 da Am\u00e9rica.<\/em><\/p>\n<p><em>Em segundo lugar, gostaria falar sobre tr\u00eas coisas: a transfer\u00eancia de Arrascaeta, a quest\u00e3o contratual e o que o senhor Itair Machado disse sobre a minha pessoa.<\/em><\/p>\n<p><em>Sobre a transfer\u00eancia, o Cruzeiro manifestou que estava disposto a receber uma proposta de 10 milh\u00f5es de euros pelo Arrascaeta. Na reuni\u00e3o do dia 3 de janeiro, informamos que hav\u00edamos conseguido um clube disposto a pagar esse valor e que esse clube era o Flamengo. Quero ser contundente sobre essa quest\u00e3o, porque o pr\u00f3prio Cruzeiro disse que gostaria de negociar Giorgian por esse valor e essa foi a proposta que apresentamos.<\/em><\/p>\n<p><em>Em rela\u00e7\u00e3o contratual com Giorgian, essa liga\u00e7\u00e3o ainda est\u00e1 em vigor e implica obriga\u00e7\u00f5es e direitos para ambas as partes, algumas delas estabelecidas para o expresso de texto e outros que derivam da natureza do contrato e direito. \u00c9 claro a viola\u00e7\u00e3o ostensiva do Cruzeiro, que continuou com sua prega\u00e7\u00e3o, apesar de perceber os danos causados? E os riscos para a seguran\u00e7a do atleta que impedem ou comprometem pelo menos seriamente a continuidade da rela\u00e7\u00e3o contratual.<\/em><\/p>\n<p><em>Finalmente, quero deixar claro que eu afirmo em todos os termos a minha declara\u00e7\u00e3o anterior\u00a0e reitero\u00a0que s\u00e3o necess\u00e1rios esfor\u00e7os e deixar de lado as vaidades e egos pessoais para o melhor interesse do atleta\u201d <\/em>contou o atleta.<\/p>\n<p>Fonte: Fox Sports<\/p>\n<p>&nbsp;<\/p>\n","protected":false},"excerpt":{"rendered":"<p>Principal novela dos \u00faltimos dias, o caso Arrascaeta e Cruzeiro ganhou mais um cap\u00edtulo neste s\u00e1bado, 5. \u00a0Depois das acusa\u00e7\u00f5es de Itair Machado, vice de futebol da Raposa, Daniel Fonseca, empres\u00e1rio do atleta, fez mais um comunicado explicando a situa\u00e7\u00e3o. Segundo ele, o Cruzeiro aceitaria vender o uruguaio por 10 milh\u00f5es de euros e, com [&hellip;]<\/p>\n","protected":false},"author":96,"featured_media":130131,"comment_status":"closed","ping_status":"closed","sticky":false,"template":"","format":"standard","meta":{"footnotes":""},"categories":[257,439],"tags":[],"class_list":["post-130130","post","type-post","status-publish","format-standard","has-post-thumbnail","hentry","category-esporte","category-ultima-hora"],"_links":{"self":[{"href":"https:\/\/diarioregionaldigital.com.br\/index.php?rest_route=\/wp\/v2\/posts\/130130","targetHints":{"allow":["GET"]}}],"collection":[{"href":"https:\/\/diarioregionaldigital.com.br\/index.php?rest_route=\/wp\/v2\/posts"}],"about":[{"href":"https:\/\/diarioregionaldigital.com.br\/index.php?rest_route=\/wp\/v2\/types\/post"}],"author":[{"embeddable":true,"href":"https:\/\/diarioregionaldigital.com.br\/index.php?rest_route=\/wp\/v2\/users\/96"}],"replies":[{"embeddable":true,"href":"https:\/\/diarioregionaldigital.com.br\/index.php?rest_route=%2Fwp%2Fv2%2Fcomments&post=130130"}],"version-history":[{"count":0,"href":"https:\/\/diarioregionaldigital.com.br\/index.php?rest_route=\/wp\/v2\/posts\/130130\/revisions"}],"wp:featuredmedia":[{"embeddable":true,"href":"https:\/\/diarioregionaldigital.com.br\/index.php?rest_route=\/wp\/v2\/media\/130131"}],"wp:attachment":[{"href":"https:\/\/diarioregionaldigital.com.br\/index.php?rest_route=%2Fwp%2Fv2%2Fmedia&parent=130130"}],"wp:term":[{"taxonomy":"category","embeddable":true,"href":"https:\/\/diarioregionaldigital.com.br\/index.php?rest_route=%2Fwp%2Fv2%2Fcategories&post=130130"},{"taxonomy":"post_tag","embeddable":true,"href":"https:\/\/diarioregionaldigital.com.br\/index.php?rest_route=%2Fwp%2Fv2%2Ftags&post=130130"}],"curies":[{"name":"wp","href":"https:\/\/api.w.org\/{rel}","templated":true}]}}