{"id":130127,"date":"2019-01-07T00:36:31","date_gmt":"2019-01-07T02:36:31","guid":{"rendered":"https:\/\/diarioregionaldigital.com.br\/?p=130127"},"modified":"2019-01-07T00:36:31","modified_gmt":"2019-01-07T02:36:31","slug":"vasco-renova-o-contrato-do-zagueiro-luiz-gustavo-por-dois-anos","status":"publish","type":"post","link":"https:\/\/diarioregionaldigital.com.br\/?p=130127","title":{"rendered":"Vasco renova o contrato do zagueiro Luiz Gustavo por dois anos"},"content":{"rendered":"<p>Pe\u00e7a importante no elenco cruzmaltino em 2018, o zagueiro Luiz Gustavo renovou contrato com o\u00a0Vasco. O jogador, que atuou improvisado na lateral direita durante boa parte da temporada, estendeu seu v\u00ednculo com o clube por mais duas temporadas.<\/p>\n<p>A perman\u00eancia de Luiz Gustavo quando n\u00e3o aconteceu por falta de um acordo com o Vasco. No entanto, a negocia\u00e7\u00e3o teve um final feliz e o zagueiro j\u00e1 se reapresentou para a pr\u00e9-temporada com o restante do elenco.<\/p>\n<p>A diretoria cruzmaltina tem atuado neste in\u00edcio de 2019 e j\u00e1 apresentou os laterais Raul C\u00e1ceres, Cl\u00e1udio Winck e Danilo Barcelos; o volante Fellipe Bastos, os meias Yan Sasse e Bruno Cesar, al\u00e9m do atacante Ribamar como refor\u00e7os. Al\u00e9m deles, o volante Lucas Mineiro \u00e9 esperado nesta segunda-feira para realizar exames m\u00e9dicos e assinar contrato.<\/p>\n<p>Nesta segunda-feira, o elenco do Vasco viaja para Atibaia, onde prossegue com a pr\u00e9-temporada. Os cruzmaltinos retornam ao Rio de Janeiro antes da estreia no Campeonato Carioca, no dia 20 de janeiro, contra o Madureira.<\/p>\n<p><strong>Fonte: Gazeta Press<\/strong><\/p>\n","protected":false},"excerpt":{"rendered":"<p>Pe\u00e7a importante no elenco cruzmaltino em 2018, o zagueiro Luiz Gustavo renovou contrato com o\u00a0Vasco. O jogador, que atuou improvisado na lateral direita durante boa parte da temporada, estendeu seu v\u00ednculo com o clube por mais duas temporadas. A perman\u00eancia de Luiz Gustavo quando n\u00e3o aconteceu por falta de um acordo com o Vasco. No [&hellip;]<\/p>\n","protected":false},"author":96,"featured_media":130128,"comment_status":"closed","ping_status":"closed","sticky":false,"template":"","format":"standard","meta":{"footnotes":""},"categories":[257,439],"tags":[],"class_list":["post-130127","post","type-post","status-publish","format-standard","has-post-thumbnail","hentry","category-esporte","category-ultima-hora"],"_links":{"self":[{"href":"https:\/\/diarioregionaldigital.com.br\/index.php?rest_route=\/wp\/v2\/posts\/130127","targetHints":{"allow":["GET"]}}],"collection":[{"href":"https:\/\/diarioregionaldigital.com.br\/index.php?rest_route=\/wp\/v2\/posts"}],"about":[{"href":"https:\/\/diarioregionaldigital.com.br\/index.php?rest_route=\/wp\/v2\/types\/post"}],"author":[{"embeddable":true,"href":"https:\/\/diarioregionaldigital.com.br\/index.php?rest_route=\/wp\/v2\/users\/96"}],"replies":[{"embeddable":true,"href":"https:\/\/diarioregionaldigital.com.br\/index.php?rest_route=%2Fwp%2Fv2%2Fcomments&post=130127"}],"version-history":[{"count":0,"href":"https:\/\/diarioregionaldigital.com.br\/index.php?rest_route=\/wp\/v2\/posts\/130127\/revisions"}],"wp:featuredmedia":[{"embeddable":true,"href":"https:\/\/diarioregionaldigital.com.br\/index.php?rest_route=\/wp\/v2\/media\/130128"}],"wp:attachment":[{"href":"https:\/\/diarioregionaldigital.com.br\/index.php?rest_route=%2Fwp%2Fv2%2Fmedia&parent=130127"}],"wp:term":[{"taxonomy":"category","embeddable":true,"href":"https:\/\/diarioregionaldigital.com.br\/index.php?rest_route=%2Fwp%2Fv2%2Fcategories&post=130127"},{"taxonomy":"post_tag","embeddable":true,"href":"https:\/\/diarioregionaldigital.com.br\/index.php?rest_route=%2Fwp%2Fv2%2Ftags&post=130127"}],"curies":[{"name":"wp","href":"https:\/\/api.w.org\/{rel}","templated":true}]}}