{"id":130124,"date":"2019-01-07T00:34:32","date_gmt":"2019-01-07T02:34:32","guid":{"rendered":"https:\/\/diarioregionaldigital.com.br\/?p=130124"},"modified":"2019-01-07T00:34:32","modified_gmt":"2019-01-07T02:34:32","slug":"flamengo-embarca-para-a-disputa-da-copa-florida","status":"publish","type":"post","link":"https:\/\/diarioregionaldigital.com.br\/?p=130124","title":{"rendered":"Flamengo embarca para a disputa da Copa Fl\u00f3rida"},"content":{"rendered":"<p>O elenco do Flamengo\u00a0\u00a0viajou neste domingo para os Estados Unidos, onde vai disputar a Copa Fl\u00f3rida. Sob o comando do t\u00e9cnico Abel Braga, os rubro-negros relacionaram 29 jogadores para a viagem e a \u00fanica novidade \u00e9 o zagueiro Rodrigo Caio,\u00a0contratado junto ao S\u00e3o Paulo no final de dezembro.<\/p>\n<p>Ainda em negocia\u00e7\u00e3o para a aquisi\u00e7\u00e3o de refor\u00e7os, os flamenguistas v\u00e3o para Orlando com a base da temporada passada. O goleiro Diego Alves, que ficou afastado no fim de 2018, e o lateral esquerdo Trauco, que pode ser envolvido na chegada de algum nome novo, foram inclu\u00eddos na viagem. J\u00e1 o goleiro Alex Muralha, fora dos planos do clube, ficou no Rio de Janeiro.<\/p>\n<p>O atacante Vitor Gabriel, que estava presente na estreia da Copa S\u00e3o Paulo, foi chamado por Abel Braga e estar\u00e1 na disputa da Copa Fl\u00f3rida. O Flamengo entra em campo nos dias 10 e 12 de janeiro, contra Ajax-HOL e Eintracht Frankfurt-ALE, respectivamente.<\/p>\n<p><strong>Confira a lista de relacionados:<\/strong><\/p>\n<p>Goleiros:\u00a0C\u00e9sar, Diego Alves, Gabriel Batista e Jo\u00e3o Fernando<\/p>\n<p>Laterais:\u00a0Kleber, Par\u00e1,\u00a0Ren\u00ea e Rodinei<\/p>\n<p>Zagueiros:\u00a0Dantas,\u00a0Juan,\u00a0L\u00e9o Duarte, Rhodolfo e\u00a0Rodrigo Caio<\/p>\n<p>Volantes:\u00a0Cu\u00e9llar, Hugo Moura, Jean Lucas, P\u00edris da Motta,\u00a0Ronaldo, Trauco e Willian Ar\u00e3o<\/p>\n<p>Meias:\u00a0Diego e Everton Ribeiro<\/p>\n<p>Atacantes:\u00a0Berr\u00edo, Henrique Dourado,\u00a0Lucas Silva, Thiago Santos,\u00a0Uribe,\u00a0Vitinho e Vitor Gabriel.<\/p>\n<p><strong>Fonte: Gazeta Press<\/strong><\/p>\n","protected":false},"excerpt":{"rendered":"<p>O elenco do Flamengo\u00a0\u00a0viajou neste domingo para os Estados Unidos, onde vai disputar a Copa Fl\u00f3rida. Sob o comando do t\u00e9cnico Abel Braga, os rubro-negros relacionaram 29 jogadores para a viagem e a \u00fanica novidade \u00e9 o zagueiro Rodrigo Caio,\u00a0contratado junto ao S\u00e3o Paulo no final de dezembro. Ainda em negocia\u00e7\u00e3o para a aquisi\u00e7\u00e3o de [&hellip;]<\/p>\n","protected":false},"author":96,"featured_media":130125,"comment_status":"closed","ping_status":"closed","sticky":false,"template":"","format":"standard","meta":{"footnotes":""},"categories":[257,439],"tags":[],"class_list":["post-130124","post","type-post","status-publish","format-standard","has-post-thumbnail","hentry","category-esporte","category-ultima-hora"],"_links":{"self":[{"href":"https:\/\/diarioregionaldigital.com.br\/index.php?rest_route=\/wp\/v2\/posts\/130124","targetHints":{"allow":["GET"]}}],"collection":[{"href":"https:\/\/diarioregionaldigital.com.br\/index.php?rest_route=\/wp\/v2\/posts"}],"about":[{"href":"https:\/\/diarioregionaldigital.com.br\/index.php?rest_route=\/wp\/v2\/types\/post"}],"author":[{"embeddable":true,"href":"https:\/\/diarioregionaldigital.com.br\/index.php?rest_route=\/wp\/v2\/users\/96"}],"replies":[{"embeddable":true,"href":"https:\/\/diarioregionaldigital.com.br\/index.php?rest_route=%2Fwp%2Fv2%2Fcomments&post=130124"}],"version-history":[{"count":0,"href":"https:\/\/diarioregionaldigital.com.br\/index.php?rest_route=\/wp\/v2\/posts\/130124\/revisions"}],"wp:featuredmedia":[{"embeddable":true,"href":"https:\/\/diarioregionaldigital.com.br\/index.php?rest_route=\/wp\/v2\/media\/130125"}],"wp:attachment":[{"href":"https:\/\/diarioregionaldigital.com.br\/index.php?rest_route=%2Fwp%2Fv2%2Fmedia&parent=130124"}],"wp:term":[{"taxonomy":"category","embeddable":true,"href":"https:\/\/diarioregionaldigital.com.br\/index.php?rest_route=%2Fwp%2Fv2%2Fcategories&post=130124"},{"taxonomy":"post_tag","embeddable":true,"href":"https:\/\/diarioregionaldigital.com.br\/index.php?rest_route=%2Fwp%2Fv2%2Ftags&post=130124"}],"curies":[{"name":"wp","href":"https:\/\/api.w.org\/{rel}","templated":true}]}}