{"id":130121,"date":"2019-01-07T00:32:14","date_gmt":"2019-01-07T02:32:14","guid":{"rendered":"https:\/\/diarioregionaldigital.com.br\/?p=130121"},"modified":"2019-01-07T00:32:14","modified_gmt":"2019-01-07T02:32:14","slug":"tupi-contrata-zagueiro-para-temporada-2019","status":"publish","type":"post","link":"https:\/\/diarioregionaldigital.com.br\/?p=130121","title":{"rendered":"Tupi contrata zagueiro para temporada 2019"},"content":{"rendered":"<p>O Tupi anunciou nessa quinta-feira a contrata\u00e7\u00e3o de mais um zagueiro para o elenco que se prepara para a temporada 2019. Thiago Duchatsch, de 21 anos, \u00e9 o novo refor\u00e7o carij\u00f3.<\/p>\n<p>&nbsp;<\/p>\n<p>Ap\u00f3s a sa\u00edda de Sidimar, o diretor do Tupi, Nicanor Pires, informou a necessidade e possibilidade de contrata\u00e7\u00e3o de dois zagueiros. Thiago chegou ao clube e j\u00e1 participa de treinos com a equipe, Em rela\u00e7\u00e3o ao segundo nome, Nicanor respondeu, que as negocia\u00e7\u00f5es est\u00e3o ainda em andamento. N\u00e3o h\u00e1 previs\u00e3o de chegada de novo defensor.<\/p>\n<p>Thiago passou pela base de Desportivo Brasil e Corinthians. Ele esteve em 2018 no time B do Santos, que foi desfeito no fim do ano passado. Al\u00e9m dele, o Tupi tem para o setor os jogadores Matheus Miguel, Luiz Ricardo, Guilherme Henrique, Lauro Victor, Gustavo e Aislan.<\/p>\n<p>&nbsp;<\/p>\n<p>&nbsp;<\/p>\n","protected":false},"excerpt":{"rendered":"<p>O Tupi anunciou nessa quinta-feira a contrata\u00e7\u00e3o de mais um zagueiro para o elenco que se prepara para a temporada 2019. Thiago Duchatsch, de 21 anos, \u00e9 o novo refor\u00e7o carij\u00f3. &nbsp; Ap\u00f3s a sa\u00edda de Sidimar, o diretor do Tupi, Nicanor Pires, informou a necessidade e possibilidade de contrata\u00e7\u00e3o de dois zagueiros. Thiago chegou [&hellip;]<\/p>\n","protected":false},"author":96,"featured_media":130122,"comment_status":"closed","ping_status":"closed","sticky":false,"template":"","format":"standard","meta":{"footnotes":""},"categories":[257,439],"tags":[],"class_list":["post-130121","post","type-post","status-publish","format-standard","has-post-thumbnail","hentry","category-esporte","category-ultima-hora"],"_links":{"self":[{"href":"https:\/\/diarioregionaldigital.com.br\/index.php?rest_route=\/wp\/v2\/posts\/130121","targetHints":{"allow":["GET"]}}],"collection":[{"href":"https:\/\/diarioregionaldigital.com.br\/index.php?rest_route=\/wp\/v2\/posts"}],"about":[{"href":"https:\/\/diarioregionaldigital.com.br\/index.php?rest_route=\/wp\/v2\/types\/post"}],"author":[{"embeddable":true,"href":"https:\/\/diarioregionaldigital.com.br\/index.php?rest_route=\/wp\/v2\/users\/96"}],"replies":[{"embeddable":true,"href":"https:\/\/diarioregionaldigital.com.br\/index.php?rest_route=%2Fwp%2Fv2%2Fcomments&post=130121"}],"version-history":[{"count":0,"href":"https:\/\/diarioregionaldigital.com.br\/index.php?rest_route=\/wp\/v2\/posts\/130121\/revisions"}],"wp:featuredmedia":[{"embeddable":true,"href":"https:\/\/diarioregionaldigital.com.br\/index.php?rest_route=\/wp\/v2\/media\/130122"}],"wp:attachment":[{"href":"https:\/\/diarioregionaldigital.com.br\/index.php?rest_route=%2Fwp%2Fv2%2Fmedia&parent=130121"}],"wp:term":[{"taxonomy":"category","embeddable":true,"href":"https:\/\/diarioregionaldigital.com.br\/index.php?rest_route=%2Fwp%2Fv2%2Fcategories&post=130121"},{"taxonomy":"post_tag","embeddable":true,"href":"https:\/\/diarioregionaldigital.com.br\/index.php?rest_route=%2Fwp%2Fv2%2Ftags&post=130121"}],"curies":[{"name":"wp","href":"https:\/\/api.w.org\/{rel}","templated":true}]}}