{"id":130117,"date":"2019-01-07T00:28:57","date_gmt":"2019-01-07T02:28:57","guid":{"rendered":"https:\/\/diarioregionaldigital.com.br\/?p=130117"},"modified":"2019-01-07T00:30:05","modified_gmt":"2019-01-07T02:30:05","slug":"fichas-de-inscricao-para-a-copa-juiz-de-fora-de-futebol-amador-2019-estao-disponiveis","status":"publish","type":"post","link":"https:\/\/diarioregionaldigital.com.br\/?p=130117","title":{"rendered":"Fichas de inscri\u00e7\u00e3o para a Copa Juiz de Fora de Futebol Amador 2019 est\u00e3o dispon\u00edveis"},"content":{"rendered":"<p>As fichas de inscri\u00e7\u00e3o de atletas para a Copa Juiz de Fora de Futebol 2019 est\u00e3o dispon\u00edveis para os representantes das equipes. Eles dever\u00e3o comparecer na sede da Secretaria de Esporte e Lazer (SEL), no Cesporte (Avenida Rui Barbosa, 530, Santa Terezinha), at\u00e9 sexta, 11, das 8 \u00e0s 12 horas e das 14 \u00e0s 18 horas.<\/p>\n<p>Os representantes dos times devem entregar as fichas devidamente preenchidas na SEL no dia 4 de fevereiro, segunda-feira. A disputa \u00e9 realizada nas categorias adulto, veterano, master, supermaster, s\u00eanior e feminino, com o objetivo de incentivar educacionalmente a pr\u00e1tica do futebol e, promover o interc\u00e2mbio desportivo e social.<\/p>\n<p>Um Congresso T\u00e9cnico ser\u00e1 realizado na quarta-feira, 6 de fevereiro, \u00e0s 18h30, para a categoria adulta, e na quinta-feira, 7, \u00e0s 18h30, para as demais categorias, no audit\u00f3rio da SEL.<\/p>\n<p>Para mais informa\u00e7\u00f5es acesse\u00a0<a href=\"http:\/\/www.copajf.com.br\/\">www.copajf.com.br<\/a>, ou ligue para 3690-7856 para outras informa\u00e7\u00f5es.<\/p>\n<p><strong>Fonte: Assessoria\/SEL<\/strong><\/p>\n","protected":false},"excerpt":{"rendered":"<p>As fichas de inscri\u00e7\u00e3o de atletas para a Copa Juiz de Fora de Futebol 2019 est\u00e3o dispon\u00edveis para os representantes das equipes. Eles dever\u00e3o comparecer na sede da Secretaria de Esporte e Lazer (SEL), no Cesporte (Avenida Rui Barbosa, 530, Santa Terezinha), at\u00e9 sexta, 11, das 8 \u00e0s 12 horas e das 14 \u00e0s 18 [&hellip;]<\/p>\n","protected":false},"author":96,"featured_media":130118,"comment_status":"closed","ping_status":"closed","sticky":false,"template":"","format":"standard","meta":{"footnotes":""},"categories":[257,439],"tags":[],"class_list":["post-130117","post","type-post","status-publish","format-standard","has-post-thumbnail","hentry","category-esporte","category-ultima-hora"],"_links":{"self":[{"href":"https:\/\/diarioregionaldigital.com.br\/index.php?rest_route=\/wp\/v2\/posts\/130117","targetHints":{"allow":["GET"]}}],"collection":[{"href":"https:\/\/diarioregionaldigital.com.br\/index.php?rest_route=\/wp\/v2\/posts"}],"about":[{"href":"https:\/\/diarioregionaldigital.com.br\/index.php?rest_route=\/wp\/v2\/types\/post"}],"author":[{"embeddable":true,"href":"https:\/\/diarioregionaldigital.com.br\/index.php?rest_route=\/wp\/v2\/users\/96"}],"replies":[{"embeddable":true,"href":"https:\/\/diarioregionaldigital.com.br\/index.php?rest_route=%2Fwp%2Fv2%2Fcomments&post=130117"}],"version-history":[{"count":0,"href":"https:\/\/diarioregionaldigital.com.br\/index.php?rest_route=\/wp\/v2\/posts\/130117\/revisions"}],"wp:featuredmedia":[{"embeddable":true,"href":"https:\/\/diarioregionaldigital.com.br\/index.php?rest_route=\/wp\/v2\/media\/130118"}],"wp:attachment":[{"href":"https:\/\/diarioregionaldigital.com.br\/index.php?rest_route=%2Fwp%2Fv2%2Fmedia&parent=130117"}],"wp:term":[{"taxonomy":"category","embeddable":true,"href":"https:\/\/diarioregionaldigital.com.br\/index.php?rest_route=%2Fwp%2Fv2%2Fcategories&post=130117"},{"taxonomy":"post_tag","embeddable":true,"href":"https:\/\/diarioregionaldigital.com.br\/index.php?rest_route=%2Fwp%2Fv2%2Ftags&post=130117"}],"curies":[{"name":"wp","href":"https:\/\/api.w.org\/{rel}","templated":true}]}}