{"id":130075,"date":"2019-01-05T15:43:07","date_gmt":"2019-01-05T17:43:07","guid":{"rendered":"https:\/\/diarioregionaldigital.com.br\/?p=130075"},"modified":"2019-01-05T15:43:07","modified_gmt":"2019-01-05T17:43:07","slug":"lei-fixa-data-da-semana-de-prevencao-da-gravidez-na-adolescencia","status":"publish","type":"post","link":"https:\/\/diarioregionaldigital.com.br\/?p=130075","title":{"rendered":"Lei fixa data da Semana de Preven\u00e7\u00e3o da Gravidez na Adolesc\u00eancia"},"content":{"rendered":"<p>O presidente Jair Bolsonaro sancionou a Lei n\u00ba 13.798, que acrescenta ao Estatuto da Crian\u00e7a e do Adolescente (Lei 8.069\/1990) artigo instituindo a data de 1\u00ba de fevereiro para in\u00edcio da\u00a0Semana Nacional de Preven\u00e7\u00e3o da Gravidez na Adolesc\u00eancia.<\/p>\n<p>A decis\u00e3o foi publicada na edi\u00e7\u00e3o de sexta-feira, 4, do\u00a0<em>Di\u00e1rio Oficial da Uni\u00e3o<\/em>.<\/p>\n<p>A oficializa\u00e7\u00e3o da data, que ser\u00e1 celebrada anualmente, foi proposta em 2010 pela ent\u00e3o senadora Marisa Serrano (PSDB-MS).<\/p>\n<p>Segundo a lei, nesse per\u00edodo, atividades de cunho preventivo e educativo dever\u00e3o ser desenvolvidas conjuntamente pelo\u00a0poder p\u00fablico e por organiza\u00e7\u00f5es da sociedade civil.<\/p>\n<p>O Estatuto da Crian\u00e7a e do Adolescente define como crian\u00e7a quem tem at\u00e9 12 anos incompletos e como adolescente, quem tem idade entre 12 e 18 anos.<\/p>\n<p><a href=\"http:\/\/iris.paho.org\/xmlui\/bitstream\/handle\/123456789\/34493\/9789275119761-eng.pdf?sequence=1&amp;isAllowed=y&amp;ua=1\">Dados da Organiza\u00e7\u00e3o Mundial da Sa\u00fade (OMS)<\/a>\u00a0 divulgados em fevereiro do ano passado revelam que, na Am\u00e9rica Latina e no Caribe, a taxa de gravidez entre adolescentes \u00e9 a segunda mais alta do mundo, superada apenas pela m\u00e9dia da \u00c1frica Subsaariana. Na Am\u00e9rica Latina e no Caribe, ocorrem anualmente, em m\u00e9dia, 66,5 nascimentos para cada 1\u00a0mil meninas com idade entre 15 e 19 anos, enquanto o \u00edndice mundial \u00e9 de\u00a046 nascimentos entre cada 1\u00a0mil meninas.<\/p>\n<p>Levantamento do Minist\u00e9rio da Sa\u00fade fechado em 2017 informa que, somente em 2015, foram 546.529 os nascidos vivos de m\u00e3es com idade entre 10 e 19 anos. A taxa apresentou, em 11 anos, queda de 17% no Brasil, conforme a base do Sistema de Informa\u00e7\u00e3o sobre Nascidos Vivos (Sinasc), j\u00e1 que, em 2004, foram registrados 661.290 nascimentos.<\/p>\n<p>Naquele ano, o n\u00famero de crian\u00e7as nascidas de m\u00e3es adolescentes nessa faixa et\u00e1ria representou 18% dos 3 milh\u00f5es de nascidos vivos no pa\u00eds. O balan\u00e7o do minist\u00e9rio mostra que a regi\u00e3o com maior preval\u00eancia de gravidez precoce, em 2015, foi o Nordeste (180.072 \u2013 32%), seguida pelo Sudeste (179.213 \u2013 32%).<\/p>\n<div class=\"dnd-widget-wrapper context-cheio_8colunas type-image\">\n<div class=\"dnd-atom-rendered\"><\/div>\n<\/div>\n<p>Fonte: Ag\u00eancia Brasil<\/p>\n","protected":false},"excerpt":{"rendered":"<p>O presidente Jair Bolsonaro sancionou a Lei n\u00ba 13.798, que acrescenta ao Estatuto da Crian\u00e7a e do Adolescente (Lei 8.069\/1990) artigo instituindo a data de 1\u00ba de fevereiro para in\u00edcio da\u00a0Semana Nacional de Preven\u00e7\u00e3o da Gravidez na Adolesc\u00eancia. A decis\u00e3o foi publicada na edi\u00e7\u00e3o de sexta-feira, 4, do\u00a0Di\u00e1rio Oficial da Uni\u00e3o. A oficializa\u00e7\u00e3o da data, [&hellip;]<\/p>\n","protected":false},"author":96,"featured_media":130080,"comment_status":"closed","ping_status":"closed","sticky":false,"template":"","format":"standard","meta":{"footnotes":""},"categories":[302,436,439],"tags":[],"class_list":["post-130075","post","type-post","status-publish","format-standard","has-post-thumbnail","hentry","category-brasil-mundo","category-destaque-da-semana","category-ultima-hora"],"_links":{"self":[{"href":"https:\/\/diarioregionaldigital.com.br\/index.php?rest_route=\/wp\/v2\/posts\/130075","targetHints":{"allow":["GET"]}}],"collection":[{"href":"https:\/\/diarioregionaldigital.com.br\/index.php?rest_route=\/wp\/v2\/posts"}],"about":[{"href":"https:\/\/diarioregionaldigital.com.br\/index.php?rest_route=\/wp\/v2\/types\/post"}],"author":[{"embeddable":true,"href":"https:\/\/diarioregionaldigital.com.br\/index.php?rest_route=\/wp\/v2\/users\/96"}],"replies":[{"embeddable":true,"href":"https:\/\/diarioregionaldigital.com.br\/index.php?rest_route=%2Fwp%2Fv2%2Fcomments&post=130075"}],"version-history":[{"count":0,"href":"https:\/\/diarioregionaldigital.com.br\/index.php?rest_route=\/wp\/v2\/posts\/130075\/revisions"}],"wp:featuredmedia":[{"embeddable":true,"href":"https:\/\/diarioregionaldigital.com.br\/index.php?rest_route=\/wp\/v2\/media\/130080"}],"wp:attachment":[{"href":"https:\/\/diarioregionaldigital.com.br\/index.php?rest_route=%2Fwp%2Fv2%2Fmedia&parent=130075"}],"wp:term":[{"taxonomy":"category","embeddable":true,"href":"https:\/\/diarioregionaldigital.com.br\/index.php?rest_route=%2Fwp%2Fv2%2Fcategories&post=130075"},{"taxonomy":"post_tag","embeddable":true,"href":"https:\/\/diarioregionaldigital.com.br\/index.php?rest_route=%2Fwp%2Fv2%2Ftags&post=130075"}],"curies":[{"name":"wp","href":"https:\/\/api.w.org\/{rel}","templated":true}]}}