{"id":130061,"date":"2019-01-05T12:48:08","date_gmt":"2019-01-05T14:48:08","guid":{"rendered":"https:\/\/diarioregionaldigital.com.br\/?p=130061"},"modified":"2019-01-05T12:48:08","modified_gmt":"2019-01-05T14:48:08","slug":"bolsonaro-elogia-coordenador-do-enem-e-critica-doutrinacao-em-escolas","status":"publish","type":"post","link":"https:\/\/diarioregionaldigital.com.br\/?p=130061","title":{"rendered":"Bolsonaro elogia coordenador do Enem e critica doutrina\u00e7\u00e3o em escolas"},"content":{"rendered":"<p>O presidente da Rep\u00fablica, Jair Bolsonaro, afirmou neste s\u00e1bado, 5, que o novo respons\u00e1vel pelo Exame Nacional do Ensino M\u00e9dio (Enem), o economista Murilo Resende Ferreira, vai priorizar o ensino com enfoque na medi\u00e7\u00e3o da forma\u00e7\u00e3o acad\u00eamica.<\/p>\n<p>Em publica\u00e7\u00e3o na sua conta oficial no Twitter, o presidente disse que \u00e9 preciso ignorar a promo\u00e7\u00e3o da &#8220;lacra\u00e7\u00e3o&#8221; e da &#8220;doutrina\u00e7\u00e3o&#8221; em sala de aula. O presidente tamb\u00e9m destacou a forma\u00e7\u00e3o de Resende, que \u00e9 doutor em economia pela Funda\u00e7\u00e3o Getulio Vargas (FGV).<\/p>\n<p>&#8220;Murilo Resende, o novo coordenador do Enem, \u00e9 doutor em economia pela FGV, e seus estudos deixam claro a prioriza\u00e7\u00e3o do ensino ignorando a atual promo\u00e7\u00e3o da &#8216;lacra\u00e7\u00e3o&#8217;, ou seja, enfoque na medi\u00e7\u00e3o da forma\u00e7\u00e3o acad\u00eamica, e n\u00e3o somente o quanto ele foi doutrinado em salas de aula&#8221;, tuitou.<\/p>\n<p>Resende, de 36 anos, foi escolhido pelo ministro da Educa\u00e7\u00e3o, Ricardo V\u00e9lez Rodr\u00edguez, como diretor de Avalia\u00e7\u00e3o da Educa\u00e7\u00e3o B\u00e1sica do Instituto de Estudos e Pesquisa Educacionais An\u00edsio Teixeira (Inep), que \u00e9 o \u00f3rg\u00e3o respons\u00e1vel pelo Enem.<\/p>\n<p>Fonte: Ag\u00eancia Brasil<\/p>\n","protected":false},"excerpt":{"rendered":"<p>O presidente da Rep\u00fablica, Jair Bolsonaro, afirmou neste s\u00e1bado, 5, que o novo respons\u00e1vel pelo Exame Nacional do Ensino M\u00e9dio (Enem), o economista Murilo Resende Ferreira, vai priorizar o ensino com enfoque na medi\u00e7\u00e3o da forma\u00e7\u00e3o acad\u00eamica. Em publica\u00e7\u00e3o na sua conta oficial no Twitter, o presidente disse que \u00e9 preciso ignorar a promo\u00e7\u00e3o da [&hellip;]<\/p>\n","protected":false},"author":96,"featured_media":130062,"comment_status":"closed","ping_status":"closed","sticky":false,"template":"","format":"standard","meta":{"footnotes":""},"categories":[436,254,439],"tags":[],"class_list":["post-130061","post","type-post","status-publish","format-standard","has-post-thumbnail","hentry","category-destaque-da-semana","category-politica","category-ultima-hora"],"_links":{"self":[{"href":"https:\/\/diarioregionaldigital.com.br\/index.php?rest_route=\/wp\/v2\/posts\/130061","targetHints":{"allow":["GET"]}}],"collection":[{"href":"https:\/\/diarioregionaldigital.com.br\/index.php?rest_route=\/wp\/v2\/posts"}],"about":[{"href":"https:\/\/diarioregionaldigital.com.br\/index.php?rest_route=\/wp\/v2\/types\/post"}],"author":[{"embeddable":true,"href":"https:\/\/diarioregionaldigital.com.br\/index.php?rest_route=\/wp\/v2\/users\/96"}],"replies":[{"embeddable":true,"href":"https:\/\/diarioregionaldigital.com.br\/index.php?rest_route=%2Fwp%2Fv2%2Fcomments&post=130061"}],"version-history":[{"count":0,"href":"https:\/\/diarioregionaldigital.com.br\/index.php?rest_route=\/wp\/v2\/posts\/130061\/revisions"}],"wp:featuredmedia":[{"embeddable":true,"href":"https:\/\/diarioregionaldigital.com.br\/index.php?rest_route=\/wp\/v2\/media\/130062"}],"wp:attachment":[{"href":"https:\/\/diarioregionaldigital.com.br\/index.php?rest_route=%2Fwp%2Fv2%2Fmedia&parent=130061"}],"wp:term":[{"taxonomy":"category","embeddable":true,"href":"https:\/\/diarioregionaldigital.com.br\/index.php?rest_route=%2Fwp%2Fv2%2Fcategories&post=130061"},{"taxonomy":"post_tag","embeddable":true,"href":"https:\/\/diarioregionaldigital.com.br\/index.php?rest_route=%2Fwp%2Fv2%2Ftags&post=130061"}],"curies":[{"name":"wp","href":"https:\/\/api.w.org\/{rel}","templated":true}]}}