{"id":130060,"date":"2019-01-05T12:51:23","date_gmt":"2019-01-05T14:51:23","guid":{"rendered":"https:\/\/diarioregionaldigital.com.br\/?p=130060"},"modified":"2019-01-05T12:51:23","modified_gmt":"2019-01-05T14:51:23","slug":"presidente-da-petrobras-nomeia-novos-diretores-para-estatal","status":"publish","type":"post","link":"https:\/\/diarioregionaldigital.com.br\/?p=130060","title":{"rendered":"Presidente da Petrobras nomeia novos diretores para estatal"},"content":{"rendered":"<p>O novo presidente da Petrobras, Roberto Castello Branco, que tomou posse na quinta-feira, 3, nomeou novos diretores para a estatal. A informa\u00e7\u00e3o foi divulgada em fato relevante ao mercado nessa sexta-feira, 4.<\/p>\n<p>\u201cA Petrobras informa que seu presidente, Roberto da Cunha Castello Branco, indicou para as diretorias executivas de Refino e G\u00e1s Natural, Anelise Quint\u00e3o Lara, e de Estrat\u00e9gia, Organiza\u00e7\u00e3o e Sistema de Gest\u00e3o, Lauro Cotta. Adicionalmente, o presidente indicou Rudimar Andreis Lorenzatto para a diretoria executiva de Desenvolvimento da Produ\u00e7\u00e3o &amp; Tecnologia\u201d.<\/p>\n<p>A nota tamb\u00e9m informa a dispensa de Hugo Repsold J\u00fanior, que atualmente ocupa a diretoria executiva de Desenvolvimento da Produ\u00e7\u00e3o &amp; Tecnologia, que ser\u00e1 encaminhada \u00e0 aprova\u00e7\u00e3o do Conselho de Administra\u00e7\u00e3o da Petrobras.<\/p>\n<p>Segundo a companhia, a diretora executiva de Explora\u00e7\u00e3o e Produ\u00e7\u00e3o, Solange da Silva Guedes, o , diretor executivo de Assuntos Corporativos, Eberaldo de Almeida Neto, o diretor executivo de Governan\u00e7a e Conformidade, Rafael Mendes Gomes, e o diretor executivo Financeiro e de Relacionamento com Investidores, Rafael Salvador Grisolia, permanecem em suas fun\u00e7\u00f5es.<\/p>\n<p>Na nota, a Petrobras explicou que os nomes indicados ser\u00e3o submetidos aos procedimentos internos de governan\u00e7a corporativa, incluindo an\u00e1lises de conformidade e integridade necess\u00e1rias ao processo sucess\u00f3rio da estatal e encaminhados para aprecia\u00e7\u00e3o do Comit\u00ea de Indica\u00e7\u00e3o, Remunera\u00e7\u00e3o e Sucess\u00e3o e posterior delibera\u00e7\u00e3o do Conselho de Administra\u00e7\u00e3o.<\/p>\n<p>Anelise Quint\u00e3o Lara ocupa atualmente a fun\u00e7\u00e3o de gerente executiva de Aquisi\u00e7\u00f5es e Desinvestimentos na Diretoria Financeira e de Relacionamento com Investidores e Rudimar Andreis Lorenzatto \u00e9 o atual gerente executivo de Sistemas Submarinos na Diretoria Executiva de Desenvolvimento da Produ\u00e7\u00e3o e Tecnologia, ambos na Petrobras.<\/p>\n<p>Lauro Cotta foi diretor-presidente da Minasg\u00e1s Distribuidora de G\u00e1s Combust\u00edvel, SHV G\u00e1s Brasil e Supergasbras Energia e \u00e9 membro do Conselho de Administra\u00e7\u00e3o do Instituto Brasileiro de Petr\u00f3leo, G\u00e1s e Biocombust\u00edveis (IBP).<\/p>\n<p>Fonte: Ag\u00eancia Brasil<\/p>\n","protected":false},"excerpt":{"rendered":"<p>O novo presidente da Petrobras, Roberto Castello Branco, que tomou posse na quinta-feira, 3, nomeou novos diretores para a estatal. A informa\u00e7\u00e3o foi divulgada em fato relevante ao mercado nessa sexta-feira, 4. \u201cA Petrobras informa que seu presidente, Roberto da Cunha Castello Branco, indicou para as diretorias executivas de Refino e G\u00e1s Natural, Anelise Quint\u00e3o [&hellip;]<\/p>\n","protected":false},"author":96,"featured_media":130064,"comment_status":"closed","ping_status":"closed","sticky":false,"template":"","format":"standard","meta":{"footnotes":""},"categories":[302,436,439],"tags":[],"class_list":["post-130060","post","type-post","status-publish","format-standard","has-post-thumbnail","hentry","category-brasil-mundo","category-destaque-da-semana","category-ultima-hora"],"_links":{"self":[{"href":"https:\/\/diarioregionaldigital.com.br\/index.php?rest_route=\/wp\/v2\/posts\/130060","targetHints":{"allow":["GET"]}}],"collection":[{"href":"https:\/\/diarioregionaldigital.com.br\/index.php?rest_route=\/wp\/v2\/posts"}],"about":[{"href":"https:\/\/diarioregionaldigital.com.br\/index.php?rest_route=\/wp\/v2\/types\/post"}],"author":[{"embeddable":true,"href":"https:\/\/diarioregionaldigital.com.br\/index.php?rest_route=\/wp\/v2\/users\/96"}],"replies":[{"embeddable":true,"href":"https:\/\/diarioregionaldigital.com.br\/index.php?rest_route=%2Fwp%2Fv2%2Fcomments&post=130060"}],"version-history":[{"count":0,"href":"https:\/\/diarioregionaldigital.com.br\/index.php?rest_route=\/wp\/v2\/posts\/130060\/revisions"}],"wp:featuredmedia":[{"embeddable":true,"href":"https:\/\/diarioregionaldigital.com.br\/index.php?rest_route=\/wp\/v2\/media\/130064"}],"wp:attachment":[{"href":"https:\/\/diarioregionaldigital.com.br\/index.php?rest_route=%2Fwp%2Fv2%2Fmedia&parent=130060"}],"wp:term":[{"taxonomy":"category","embeddable":true,"href":"https:\/\/diarioregionaldigital.com.br\/index.php?rest_route=%2Fwp%2Fv2%2Fcategories&post=130060"},{"taxonomy":"post_tag","embeddable":true,"href":"https:\/\/diarioregionaldigital.com.br\/index.php?rest_route=%2Fwp%2Fv2%2Ftags&post=130060"}],"curies":[{"name":"wp","href":"https:\/\/api.w.org\/{rel}","templated":true}]}}