{"id":130053,"date":"2019-01-05T12:25:08","date_gmt":"2019-01-05T14:25:08","guid":{"rendered":"https:\/\/diarioregionaldigital.com.br\/?p=130053"},"modified":"2019-01-05T12:25:08","modified_gmt":"2019-01-05T14:25:08","slug":"motorista-fica-ferido-apos-carreta-cair-em-ribanceira-na-br-116-em-leopoldina","status":"publish","type":"post","link":"https:\/\/diarioregionaldigital.com.br\/?p=130053","title":{"rendered":"Motorista fica ferido ap\u00f3s carreta cair em ribanceira na BR-116 em Leopoldina"},"content":{"rendered":"<p>Uma carreta carregada com diferentes mercadorias caiu em uma ribanceira \u00e0s margens da BR-116 em Leopoldina, na altura do Km 781, no trecho conhecido como &#8220;curva da Independ\u00eancia&#8221;. Segundo as informa\u00e7\u00f5es,\u00a0o ve\u00edculo Volvo FH 440, placas de Parnamirim &#8211; Rio Grande do Norte, seguia de S\u00e3o Paulo para aquele Estado quando o motorista perdeu o controle da dire\u00e7\u00e3o na manh\u00e3 deste s\u00e1bado, 5. As causas do acidente n\u00e3o foram informadas.<\/p>\n<p>Conforme os bombeiros, duas equipes de militares foram acionadas para o atendimento. Socorristas do Servi\u00e7o de Atendimento M\u00f3vel de Urg\u00eancia (SAMU) prestaram os primeiros atendimentos ao condutor, que foi encaminhado com ferimentos leves ao Pronto-Socorro Municipal da Casa de Caridade Leopoldinense. De acordo com a CCL, ap\u00f3s ser atendido pela equipe m\u00e9dica de plant\u00e3o o condutor permanecia em observa\u00e7\u00e3o. Segundo a Pol\u00edcia Rodovi\u00e1ria Federal, a pista n\u00e3o precisou ser interditada.<\/p>\n<div style=\"width: 904px\" class=\"wp-caption aligncenter\"><img loading=\"lazy\" decoding=\"async\" src=\"https:\/\/www.ovigilanteonline.com\/upload\/editor\/af9eebba00934bb690d8714efb36009f.jpg\" alt=\"\" width=\"894\" height=\"534\" \/><p class=\"wp-caption-text\">Foto: O Vigilante Online<\/p><\/div>\n<p>Fonte: O Vigilante Online<\/p>\n","protected":false},"excerpt":{"rendered":"<p>Uma carreta carregada com diferentes mercadorias caiu em uma ribanceira \u00e0s margens da BR-116 em Leopoldina, na altura do Km 781, no trecho conhecido como &#8220;curva da Independ\u00eancia&#8221;. Segundo as informa\u00e7\u00f5es,\u00a0o ve\u00edculo Volvo FH 440, placas de Parnamirim &#8211; Rio Grande do Norte, seguia de S\u00e3o Paulo para aquele Estado quando o motorista perdeu o [&hellip;]<\/p>\n","protected":false},"author":96,"featured_media":130056,"comment_status":"closed","ping_status":"closed","sticky":false,"template":"","format":"standard","meta":{"footnotes":""},"categories":[436,252,439],"tags":[],"class_list":["post-130053","post","type-post","status-publish","format-standard","has-post-thumbnail","hentry","category-destaque-da-semana","category-regiao","category-ultima-hora"],"_links":{"self":[{"href":"https:\/\/diarioregionaldigital.com.br\/index.php?rest_route=\/wp\/v2\/posts\/130053","targetHints":{"allow":["GET"]}}],"collection":[{"href":"https:\/\/diarioregionaldigital.com.br\/index.php?rest_route=\/wp\/v2\/posts"}],"about":[{"href":"https:\/\/diarioregionaldigital.com.br\/index.php?rest_route=\/wp\/v2\/types\/post"}],"author":[{"embeddable":true,"href":"https:\/\/diarioregionaldigital.com.br\/index.php?rest_route=\/wp\/v2\/users\/96"}],"replies":[{"embeddable":true,"href":"https:\/\/diarioregionaldigital.com.br\/index.php?rest_route=%2Fwp%2Fv2%2Fcomments&post=130053"}],"version-history":[{"count":0,"href":"https:\/\/diarioregionaldigital.com.br\/index.php?rest_route=\/wp\/v2\/posts\/130053\/revisions"}],"wp:featuredmedia":[{"embeddable":true,"href":"https:\/\/diarioregionaldigital.com.br\/index.php?rest_route=\/wp\/v2\/media\/130056"}],"wp:attachment":[{"href":"https:\/\/diarioregionaldigital.com.br\/index.php?rest_route=%2Fwp%2Fv2%2Fmedia&parent=130053"}],"wp:term":[{"taxonomy":"category","embeddable":true,"href":"https:\/\/diarioregionaldigital.com.br\/index.php?rest_route=%2Fwp%2Fv2%2Fcategories&post=130053"},{"taxonomy":"post_tag","embeddable":true,"href":"https:\/\/diarioregionaldigital.com.br\/index.php?rest_route=%2Fwp%2Fv2%2Ftags&post=130053"}],"curies":[{"name":"wp","href":"https:\/\/api.w.org\/{rel}","templated":true}]}}