{"id":130051,"date":"2019-01-05T08:26:43","date_gmt":"2019-01-05T10:26:43","guid":{"rendered":"https:\/\/diarioregionaldigital.com.br\/?p=130051"},"modified":"2019-01-05T08:26:43","modified_gmt":"2019-01-05T10:26:43","slug":"armados-e-com-mascaras-assaltantes-roubam-mulher-no-bairro-arco-iris","status":"publish","type":"post","link":"https:\/\/diarioregionaldigital.com.br\/?p=130051","title":{"rendered":"Armados e com m\u00e1scaras, assaltantes roubam mulher no bairro Arco \u00cdris"},"content":{"rendered":"<p>Nessa sexta-feira, 04, uma mulher, 50 anos, teve o celular e R$300 roubados no bairro Arco \u00cdris, na zona Sul de Juiz de Fora.<\/p>\n<p>Segundo relato da v\u00edtima \u00e0 Pol\u00edcia Militar, ela foi abordada por tr\u00eas homens no estabelecimento comercial onde trabalha na Rua Cirene Alves da Silva, por volta das 16h. Os autores aparentavam ser menores de idade e estavam armados com rev\u00f3lveres.<\/p>\n<p>Com o rosto coberto por m\u00e1scaras para dificultar a identifica\u00e7\u00e3o, os adolescentes exigiram que a mulher entregasse os pertences. Assim que conseguiram, fugiram e n\u00e3o foram localizados durante o rastreamento policial.<\/p>\n","protected":false},"excerpt":{"rendered":"<p>Nessa sexta-feira, 04, uma mulher, 50 anos, teve o celular e R$300 roubados no bairro Arco \u00cdris, na zona Sul de Juiz de Fora. Segundo relato da v\u00edtima \u00e0 Pol\u00edcia Militar, ela foi abordada por tr\u00eas homens no estabelecimento comercial onde trabalha na Rua Cirene Alves da Silva, por volta das 16h. Os autores aparentavam [&hellip;]<\/p>\n","protected":false},"author":96,"featured_media":95836,"comment_status":"closed","ping_status":"closed","sticky":false,"template":"","format":"standard","meta":{"footnotes":""},"categories":[301],"tags":[],"class_list":["post-130051","post","type-post","status-publish","format-standard","has-post-thumbnail","hentry","category-artigos-policiais"],"_links":{"self":[{"href":"https:\/\/diarioregionaldigital.com.br\/index.php?rest_route=\/wp\/v2\/posts\/130051","targetHints":{"allow":["GET"]}}],"collection":[{"href":"https:\/\/diarioregionaldigital.com.br\/index.php?rest_route=\/wp\/v2\/posts"}],"about":[{"href":"https:\/\/diarioregionaldigital.com.br\/index.php?rest_route=\/wp\/v2\/types\/post"}],"author":[{"embeddable":true,"href":"https:\/\/diarioregionaldigital.com.br\/index.php?rest_route=\/wp\/v2\/users\/96"}],"replies":[{"embeddable":true,"href":"https:\/\/diarioregionaldigital.com.br\/index.php?rest_route=%2Fwp%2Fv2%2Fcomments&post=130051"}],"version-history":[{"count":0,"href":"https:\/\/diarioregionaldigital.com.br\/index.php?rest_route=\/wp\/v2\/posts\/130051\/revisions"}],"wp:featuredmedia":[{"embeddable":true,"href":"https:\/\/diarioregionaldigital.com.br\/index.php?rest_route=\/wp\/v2\/media\/95836"}],"wp:attachment":[{"href":"https:\/\/diarioregionaldigital.com.br\/index.php?rest_route=%2Fwp%2Fv2%2Fmedia&parent=130051"}],"wp:term":[{"taxonomy":"category","embeddable":true,"href":"https:\/\/diarioregionaldigital.com.br\/index.php?rest_route=%2Fwp%2Fv2%2Fcategories&post=130051"},{"taxonomy":"post_tag","embeddable":true,"href":"https:\/\/diarioregionaldigital.com.br\/index.php?rest_route=%2Fwp%2Fv2%2Ftags&post=130051"}],"curies":[{"name":"wp","href":"https:\/\/api.w.org\/{rel}","templated":true}]}}