{"id":130048,"date":"2019-01-05T08:15:53","date_gmt":"2019-01-05T10:15:53","guid":{"rendered":"https:\/\/diarioregionaldigital.com.br\/?p=130048"},"modified":"2019-01-05T08:15:53","modified_gmt":"2019-01-05T10:15:53","slug":"tres-acidentes-envolvendo-carretas-sao-registrados-em-rodovias-proximas-a-cataguases-em-um-motorista-esposa-e-filha-se-feriram","status":"publish","type":"post","link":"https:\/\/diarioregionaldigital.com.br\/?p=130048","title":{"rendered":"Tr\u00eas acidentes envolvendo carretas s\u00e3o registrados em rodovias pr\u00f3ximas a Cataguases; em um motorista, esposa e filha se feriram"},"content":{"rendered":"<p>Tr\u00eas acidentes envolvendo carretas foram registrados nessa sexta-feira, 4, em rodovias pr\u00f3ximas a Cataguases.<\/p>\n<p>O primeiro aconteceu no Km 774 da BR-116, pr\u00f3ximo ao Belvedere da Serra da Vileta, em Leopoldina. Uma carreta carregada com c\u00e1lcio tombou em uma curva. O motorista n\u00e3o se feriu.<\/p>\n<p>Mais tarde, no Km 31,5 da BR-267, em Argirita, parte da carga de ferragens de uma carreta caiu na pista. O ve\u00edculo seguia sentido Juiz de Fora &#8211; Leopoldina e o motorista n\u00e3o se feriu.<\/p>\n<p>Por volta das 15 horas, uma\u00a0carreta-cegonha, placas de Diadema\/SP,\u00a0que seguia sentido a Leopoldina, carregada com 11 ve\u00edculos tombou em uma curva no trecho da BR-116 pr\u00f3ximo a Bica D&#8217;\u00e1gua, em Leopoldina.\u00a0O condutor da carreta, esposa e filha foram encaminhados para o Pronto-Socorro Municipal da Casa de Caridade Leopoldinense onde ficaram em observa\u00e7\u00e3o.<\/p>\n<p>As causas dos acidentes ainda ser\u00e3o apuradas.<\/p>\n<p><em>Fonte: Marcelo Lopes com informa\u00e7\u00f5es do O Vigilante Online<\/em><\/p>\n","protected":false},"excerpt":{"rendered":"<p>Tr\u00eas acidentes envolvendo carretas foram registrados nessa sexta-feira, 4, em rodovias pr\u00f3ximas a Cataguases. O primeiro aconteceu no Km 774 da BR-116, pr\u00f3ximo ao Belvedere da Serra da Vileta, em Leopoldina. Uma carreta carregada com c\u00e1lcio tombou em uma curva. O motorista n\u00e3o se feriu. Mais tarde, no Km 31,5 da BR-267, em Argirita, parte [&hellip;]<\/p>\n","protected":false},"author":96,"featured_media":0,"comment_status":"closed","ping_status":"closed","sticky":false,"template":"","format":"standard","meta":{"footnotes":""},"categories":[252,439],"tags":[],"class_list":["post-130048","post","type-post","status-publish","format-standard","hentry","category-regiao","category-ultima-hora"],"_links":{"self":[{"href":"https:\/\/diarioregionaldigital.com.br\/index.php?rest_route=\/wp\/v2\/posts\/130048","targetHints":{"allow":["GET"]}}],"collection":[{"href":"https:\/\/diarioregionaldigital.com.br\/index.php?rest_route=\/wp\/v2\/posts"}],"about":[{"href":"https:\/\/diarioregionaldigital.com.br\/index.php?rest_route=\/wp\/v2\/types\/post"}],"author":[{"embeddable":true,"href":"https:\/\/diarioregionaldigital.com.br\/index.php?rest_route=\/wp\/v2\/users\/96"}],"replies":[{"embeddable":true,"href":"https:\/\/diarioregionaldigital.com.br\/index.php?rest_route=%2Fwp%2Fv2%2Fcomments&post=130048"}],"version-history":[{"count":0,"href":"https:\/\/diarioregionaldigital.com.br\/index.php?rest_route=\/wp\/v2\/posts\/130048\/revisions"}],"wp:attachment":[{"href":"https:\/\/diarioregionaldigital.com.br\/index.php?rest_route=%2Fwp%2Fv2%2Fmedia&parent=130048"}],"wp:term":[{"taxonomy":"category","embeddable":true,"href":"https:\/\/diarioregionaldigital.com.br\/index.php?rest_route=%2Fwp%2Fv2%2Fcategories&post=130048"},{"taxonomy":"post_tag","embeddable":true,"href":"https:\/\/diarioregionaldigital.com.br\/index.php?rest_route=%2Fwp%2Fv2%2Ftags&post=130048"}],"curies":[{"name":"wp","href":"https:\/\/api.w.org\/{rel}","templated":true}]}}