{"id":130044,"date":"2019-01-05T08:10:26","date_gmt":"2019-01-05T10:10:26","guid":{"rendered":"https:\/\/diarioregionaldigital.com.br\/?p=130044"},"modified":"2019-01-05T08:10:26","modified_gmt":"2019-01-05T10:10:26","slug":"governo-federal-lanca-marca-e-slogan-pelas-redes-sociais","status":"publish","type":"post","link":"https:\/\/diarioregionaldigital.com.br\/?p=130044","title":{"rendered":"Governo federal lan\u00e7a marca e slogan pelas redes sociais"},"content":{"rendered":"<p>O governo federal lan\u00e7ou nessa sexta-feira, 4, pelas redes sociais do governo e do pr\u00f3prio presidente Jair Bolsonaro, a logomarca com o novo slogan do governo: P\u00e1tria Amada Brasil.<\/p>\n<p>O lan\u00e7amento foi feito com um v\u00eddeo. Antes da nova marca ser revelada, um texto lembra algumas das plataformas da campanha de Bolsonaro, como o combate \u00e0 corrup\u00e7\u00e3o e \u00e0\u00a0\u201cerotiza\u00e7\u00e3o de crian\u00e7as\u201d.<\/p>\n<p>\u201cEm 2018, n\u00e3o fomos \u00e0s urnas apenas para escolher um novo presidente. Fomos \u00e0s urnas para escolher um novo Brasil, sem corrup\u00e7\u00e3o, sem impunidade, sem doutrina\u00e7\u00e3o nas escolas e sem a erotiza\u00e7\u00e3o de nossas crian\u00e7as. Fomos \u00e0s urnas para resgatar o Brasil\u201d, diz o v\u00eddeo.<\/p>\n<p>Em nota, o Pal\u00e1cio do Planalto afirmou que, com o lan\u00e7amento da nova logomarca pelas redes sociais, houve uma economia de mais de R$ 1,4 milh\u00e3o para os cofres p\u00fablicos. De acordo com a nota, esse seria o custo previsto caso a divulga\u00e7\u00e3o fosse feita pelos canais de TV.<\/p>\n","protected":false},"excerpt":{"rendered":"<p>O governo federal lan\u00e7ou nessa sexta-feira, 4, pelas redes sociais do governo e do pr\u00f3prio presidente Jair Bolsonaro, a logomarca com o novo slogan do governo: P\u00e1tria Amada Brasil. O lan\u00e7amento foi feito com um v\u00eddeo. Antes da nova marca ser revelada, um texto lembra algumas das plataformas da campanha de Bolsonaro, como o combate [&hellip;]<\/p>\n","protected":false},"author":96,"featured_media":0,"comment_status":"closed","ping_status":"closed","sticky":false,"template":"","format":"standard","meta":{"footnotes":""},"categories":[254,439],"tags":[],"class_list":["post-130044","post","type-post","status-publish","format-standard","hentry","category-politica","category-ultima-hora"],"_links":{"self":[{"href":"https:\/\/diarioregionaldigital.com.br\/index.php?rest_route=\/wp\/v2\/posts\/130044","targetHints":{"allow":["GET"]}}],"collection":[{"href":"https:\/\/diarioregionaldigital.com.br\/index.php?rest_route=\/wp\/v2\/posts"}],"about":[{"href":"https:\/\/diarioregionaldigital.com.br\/index.php?rest_route=\/wp\/v2\/types\/post"}],"author":[{"embeddable":true,"href":"https:\/\/diarioregionaldigital.com.br\/index.php?rest_route=\/wp\/v2\/users\/96"}],"replies":[{"embeddable":true,"href":"https:\/\/diarioregionaldigital.com.br\/index.php?rest_route=%2Fwp%2Fv2%2Fcomments&post=130044"}],"version-history":[{"count":0,"href":"https:\/\/diarioregionaldigital.com.br\/index.php?rest_route=\/wp\/v2\/posts\/130044\/revisions"}],"wp:attachment":[{"href":"https:\/\/diarioregionaldigital.com.br\/index.php?rest_route=%2Fwp%2Fv2%2Fmedia&parent=130044"}],"wp:term":[{"taxonomy":"category","embeddable":true,"href":"https:\/\/diarioregionaldigital.com.br\/index.php?rest_route=%2Fwp%2Fv2%2Fcategories&post=130044"},{"taxonomy":"post_tag","embeddable":true,"href":"https:\/\/diarioregionaldigital.com.br\/index.php?rest_route=%2Fwp%2Fv2%2Ftags&post=130044"}],"curies":[{"name":"wp","href":"https:\/\/api.w.org\/{rel}","templated":true}]}}