{"id":130043,"date":"2019-01-05T08:09:16","date_gmt":"2019-01-05T10:09:16","guid":{"rendered":"https:\/\/diarioregionaldigital.com.br\/?p=130043"},"modified":"2019-01-05T08:09:16","modified_gmt":"2019-01-05T10:09:16","slug":"mulher-e-assaltada-e-agredida-em-boate-no-centro-de-jf","status":"publish","type":"post","link":"https:\/\/diarioregionaldigital.com.br\/?p=130043","title":{"rendered":"Mulher \u00e9 assaltada e agredida em boate no Centro de JF"},"content":{"rendered":"<p>Uma mulher, 27 anos, foi assaltada em uma boate na rua Silvia Jardim, no Centro de Juiz de Fora, na madrugada dessa sexta-feira, 05.<\/p>\n<p>Segundo relato da v\u00edtima \u00e0 Pol\u00edcia Militar, ela foi abordada por dois homens que usaram da for\u00e7a f\u00edsica para roubar a carteira dela.<\/p>\n<p>Um dos assaltantes aplicou um golpe conhecido como \u201cgravata\u201d e jogou a mulher no ch\u00e3o, enquanto o comparsa agredia a v\u00edtima com chutes e socos. Ap\u00f3s as agress\u00f5es, os autores pegaram a carteira, que continha documentos pessoais e R$800, e fugiram.<\/p>\n<p>A Pol\u00edcia Militar realizou rastreamento e conseguiu localizar um dos homens, que tem 20 anos e negou os fatos, dizendo aos policiais que o outro rapaz era o respons\u00e1vel pelo roubo. Ainda assim, o jovem foi preso e encaminhado \u00e0 delegacia.<\/p>\n<p>O outro envolvido n\u00e3o foi localizado, assim como os pertences roubados.<\/p>\n","protected":false},"excerpt":{"rendered":"<p>Uma mulher, 27 anos, foi assaltada em uma boate na rua Silvia Jardim, no Centro de Juiz de Fora, na madrugada dessa sexta-feira, 05. Segundo relato da v\u00edtima \u00e0 Pol\u00edcia Militar, ela foi abordada por dois homens que usaram da for\u00e7a f\u00edsica para roubar a carteira dela. Um dos assaltantes aplicou um golpe conhecido como [&hellip;]<\/p>\n","protected":false},"author":96,"featured_media":95836,"comment_status":"closed","ping_status":"closed","sticky":false,"template":"","format":"standard","meta":{"footnotes":""},"categories":[301],"tags":[],"class_list":["post-130043","post","type-post","status-publish","format-standard","has-post-thumbnail","hentry","category-artigos-policiais"],"_links":{"self":[{"href":"https:\/\/diarioregionaldigital.com.br\/index.php?rest_route=\/wp\/v2\/posts\/130043","targetHints":{"allow":["GET"]}}],"collection":[{"href":"https:\/\/diarioregionaldigital.com.br\/index.php?rest_route=\/wp\/v2\/posts"}],"about":[{"href":"https:\/\/diarioregionaldigital.com.br\/index.php?rest_route=\/wp\/v2\/types\/post"}],"author":[{"embeddable":true,"href":"https:\/\/diarioregionaldigital.com.br\/index.php?rest_route=\/wp\/v2\/users\/96"}],"replies":[{"embeddable":true,"href":"https:\/\/diarioregionaldigital.com.br\/index.php?rest_route=%2Fwp%2Fv2%2Fcomments&post=130043"}],"version-history":[{"count":0,"href":"https:\/\/diarioregionaldigital.com.br\/index.php?rest_route=\/wp\/v2\/posts\/130043\/revisions"}],"wp:featuredmedia":[{"embeddable":true,"href":"https:\/\/diarioregionaldigital.com.br\/index.php?rest_route=\/wp\/v2\/media\/95836"}],"wp:attachment":[{"href":"https:\/\/diarioregionaldigital.com.br\/index.php?rest_route=%2Fwp%2Fv2%2Fmedia&parent=130043"}],"wp:term":[{"taxonomy":"category","embeddable":true,"href":"https:\/\/diarioregionaldigital.com.br\/index.php?rest_route=%2Fwp%2Fv2%2Fcategories&post=130043"},{"taxonomy":"post_tag","embeddable":true,"href":"https:\/\/diarioregionaldigital.com.br\/index.php?rest_route=%2Fwp%2Fv2%2Ftags&post=130043"}],"curies":[{"name":"wp","href":"https:\/\/api.w.org\/{rel}","templated":true}]}}