{"id":130039,"date":"2019-01-05T08:06:12","date_gmt":"2019-01-05T10:06:12","guid":{"rendered":"https:\/\/diarioregionaldigital.com.br\/?p=130039"},"modified":"2019-01-05T08:06:12","modified_gmt":"2019-01-05T10:06:12","slug":"vereador-marlon-siqueira-cobra-conclusao-de-obras-de-prevencao-a-danos-ambientais-na-amg-3085-e-represa-dr-joao-penido","status":"publish","type":"post","link":"https:\/\/diarioregionaldigital.com.br\/?p=130039","title":{"rendered":"Vereador Marlon Siqueira cobra conclus\u00e3o de obras de preven\u00e7\u00e3o a danos ambientais na AMG-3085 e Represa Dr. Jo\u00e3o Penido"},"content":{"rendered":"<p>O meio ambiente e o abastecimento da cidade em risco. Nessa sexta-feira, 4, o vereador Marlon Siqueira (MDB) entrou com uma representa\u00e7\u00e3o para o Departamento de Edifica\u00e7\u00f5es e Estradas de Rodagem do Estado de Minas Gerais (DEER\/MG) cobrando a retomada das obras de preven\u00e7\u00e3o a danos ambientais, como o vazamento de \u00f3leo, previstas no licenciamento para implanta\u00e7\u00e3o da AMG-3085, que interliga as rodovias BR-040, MG-353, e o Aeroporto Regional Itamar Franco, passando pelo manancial da Jo\u00e3o Penido.<\/p>\n<p>\u201cLevando em conta a proximidade da via com a represa, existe o risco grave e iminente de um acidente com um caminh\u00e3o tanque que pode derramar o conte\u00fado perigoso, prejudicando o len\u00e7ol fre\u00e1tico, a flora e a fauna locais, e at\u00e9 o abastecimento da cidade. Estamos dando voz ao pedido de moradores da regi\u00e3o que nos acionaram, mas \u00e9 uma preocupa\u00e7\u00e3o que deve ser de todos os juiz-foranos\u201d, destaca Marlon, salientando que a Doutor Jo\u00e3o Penido abastece cerca de 300 mil habitantes.<\/p>\n<p>Segundo informa\u00e7\u00f5es de fontes que preferiram n\u00e3o se identificar, a obra est\u00e1 parada desde a primeira semana de outubro, com apenas 2 km de canaletas (dos cerca de 9 km previstos) j\u00e1 constru\u00eddas, e sem a instala\u00e7\u00e3o das caixas de armazenamento e separa\u00e7\u00e3o do \u00f3leo e \u00e1gua, necess\u00e1rias para mitigar o dano ambiental em caso de acidentes com o caminh\u00e3o tanque. \u201cA inten\u00e7\u00e3o da representa\u00e7\u00e3o \u00e9 mostrar que essa obra \u00e9 de extrema import\u00e2ncia para a cidade, \u00e9 urgente, precisa ser constru\u00edda antes que aconte\u00e7a um acidente\u201d, resume o parlamentar.<\/p>\n<p><strong>Medidas paliativas n\u00e3o est\u00e3o funcionando<\/strong><\/p>\n<p>Para amenizar o risco de acidentes, durante o per\u00edodo em que as chamadas \u201cobras de condicionantes ambientais\u201d est\u00e3o sendo realizadas, o Departamento optou por proibir o tr\u00e2nsito de cargas perigosa como medida preventiva que, segundo moradores, n\u00e3o est\u00e1 sendo cumprida pelos motoristas.<\/p>\n<p>No documento, Marlon pondera que mesmo com \u201ca proibi\u00e7\u00e3o de tr\u00e1fego de ve\u00edculos de transporte de cargas\/produtos perigosos nesta rodovia, h\u00e1 a informa\u00e7\u00e3o de que est\u00e1 havendo descumprimento por parte de seus condutores, inclusive trafegando em velocidade acima do permitido\u201d.<\/p>\n<p>Durante a reuni\u00e3o, o vereador declarou que vai solicitar tamb\u00e9m a Pol\u00edcia Militar a fiscaliza\u00e7\u00e3o do tr\u00e1fego de ve\u00edculos pesados no local. A representa\u00e7\u00e3o foi aprovada pela C\u00e2mara e ser\u00e1 enviada ao DEER.<\/p>\n<p><em>Fonte: Assessoria<\/em><\/p>\n","protected":false},"excerpt":{"rendered":"<p>O meio ambiente e o abastecimento da cidade em risco. Nessa sexta-feira, 4, o vereador Marlon Siqueira (MDB) entrou com uma representa\u00e7\u00e3o para o Departamento de Edifica\u00e7\u00f5es e Estradas de Rodagem do Estado de Minas Gerais (DEER\/MG) cobrando a retomada das obras de preven\u00e7\u00e3o a danos ambientais, como o vazamento de \u00f3leo, previstas no licenciamento [&hellip;]<\/p>\n","protected":false},"author":96,"featured_media":0,"comment_status":"closed","ping_status":"closed","sticky":false,"template":"","format":"standard","meta":{"footnotes":""},"categories":[253,439],"tags":[],"class_list":["post-130039","post","type-post","status-publish","format-standard","hentry","category-cidade","category-ultima-hora"],"_links":{"self":[{"href":"https:\/\/diarioregionaldigital.com.br\/index.php?rest_route=\/wp\/v2\/posts\/130039","targetHints":{"allow":["GET"]}}],"collection":[{"href":"https:\/\/diarioregionaldigital.com.br\/index.php?rest_route=\/wp\/v2\/posts"}],"about":[{"href":"https:\/\/diarioregionaldigital.com.br\/index.php?rest_route=\/wp\/v2\/types\/post"}],"author":[{"embeddable":true,"href":"https:\/\/diarioregionaldigital.com.br\/index.php?rest_route=\/wp\/v2\/users\/96"}],"replies":[{"embeddable":true,"href":"https:\/\/diarioregionaldigital.com.br\/index.php?rest_route=%2Fwp%2Fv2%2Fcomments&post=130039"}],"version-history":[{"count":0,"href":"https:\/\/diarioregionaldigital.com.br\/index.php?rest_route=\/wp\/v2\/posts\/130039\/revisions"}],"wp:attachment":[{"href":"https:\/\/diarioregionaldigital.com.br\/index.php?rest_route=%2Fwp%2Fv2%2Fmedia&parent=130039"}],"wp:term":[{"taxonomy":"category","embeddable":true,"href":"https:\/\/diarioregionaldigital.com.br\/index.php?rest_route=%2Fwp%2Fv2%2Fcategories&post=130039"},{"taxonomy":"post_tag","embeddable":true,"href":"https:\/\/diarioregionaldigital.com.br\/index.php?rest_route=%2Fwp%2Fv2%2Ftags&post=130039"}],"curies":[{"name":"wp","href":"https:\/\/api.w.org\/{rel}","templated":true}]}}