{"id":130036,"date":"2019-01-05T08:03:17","date_gmt":"2019-01-05T10:03:17","guid":{"rendered":"https:\/\/diarioregionaldigital.com.br\/?p=130036"},"modified":"2019-01-05T08:03:17","modified_gmt":"2019-01-05T10:03:17","slug":"governo-nao-vai-aumentar-impostos-afirma-onyx","status":"publish","type":"post","link":"https:\/\/diarioregionaldigital.com.br\/?p=130036","title":{"rendered":"Governo n\u00e3o vai aumentar impostos, afirma Onyx"},"content":{"rendered":"<p>O ministro-chefe da Casa Civil, Onyx Lorenzoni, disse nessa sexta-feira, 4, que o governo n\u00e3o vai aumentar impostos. \u201c\u00c9 um princ\u00edpio deste governo n\u00e3o haver aumento de carga tribut\u00e1ria\u201d, afirmou Onyx, ao explicar a san\u00e7\u00e3o do projeto de incentivos fiscais para as superintend\u00eancias de Desenvolvimento da Amaz\u00f4nia (Sudam) e do Nordeste (Sudene).<\/p>\n<p>Segundo Onyx, o aumento do Imposto sobre Opera\u00e7\u00f5es Financeiras (IOF) era uma das possibilidades para assegurar o cumprimento da Lei de Responsabilidade Fiscal (LRF), em virtude da\u00a0<a href=\"http:\/\/agenciabrasil.ebc.com.br\/politica\/noticia\/2018-12\/camara-aprova-incentivos-fiscais-sudene-sudam-e-centro-oeste\">aprova\u00e7\u00e3o dos incentivos fiscais<\/a>\u00a0para a Amaz\u00f4nia e o Nordeste, mas essa possibilidade foi afastada.<\/p>\n<p>\u201cO presidente [Jair Bolsonaro] assinou a san\u00e7\u00e3o. Este poderia ter sido o caminho de hoje, assinado o decreto. A solu\u00e7\u00e3o [de n\u00e3o aumentar o IOF] foi encontrada porque a equipe da Receita e da Casa Civil buscou a solu\u00e7\u00e3o. E n\u00f3s optamos, validamos com o presidente, por essa solu\u00e7\u00e3o\u201d, afirmou o ministro.<\/p>\n<p>De acordo com Onyx, o presidente Jair Bolsonaro \u201cse equivocou\u201d ao dizer que<a href=\"http:\/\/agenciabrasil.ebc.com.br\/politica\/noticia\/2019-01\/presidente-diz-que-aliquota-do-imposto-de-renda-podera-ser-reduzida\">\u00a0havia assinado<\/a>\u00a0o aumento do IOF. \u201cEle se equivocou. Ele assinou a continuidade do projeto da Sudam e da Sudene\u201d, disse Onyx, em entrevista coletiva no Pal\u00e1cio do Planalto.<\/p>\n<h2>Or\u00e7amento<\/h2>\n<p>O ministro Onyx Lorenzoni disse que os incentivos aprovados para Sudam e Sudene n\u00e3o\u00a0ter\u00e3o influ\u00eancia em 2019 e, por isso, n\u00e3o atingem a LRF. Conforme Onyx, existe um prazo de 12 a 14 meses entre a empresa apresentar proposta para se beneficiar desses incentivos fiscais e de fato come\u00e7ar a usufruir desses benef\u00edcios.<\/p>\n<p>\u201cPortanto, colocamos l\u00e1 que, para o exerc\u00edcio de 2020 e 2021, como a pe\u00e7a or\u00e7ament\u00e1ria ser\u00e1 constitu\u00edda em 2019, o governo far\u00e1 a devida previs\u00e3o or\u00e7ament\u00e1ria\u201d, disse o ministro. \u201cSancionou porque \u00e9 merit\u00f3rio, as regi\u00f5es Norte e Nordeste precisam. Tinha que\u00a0ter\u00a0sido resolvido pelos governo que estava no poder.\u201d<\/p>\n<p>A Superintend\u00eancia de Desenvolvimento do Centro-Oeste (Sudeco), no entanto, ficou de fora. Segundo Onyx, a situa\u00e7\u00e3o desta era diferente da da Sudam e da Sudene e comprometeria a LRF e o or\u00e7amento p\u00fablico. \u201cTrata de uma prorroga\u00e7\u00e3o de cinco anos, podendo ser prorrogado por mais cinco. No caso da Sudeco, era a cria\u00e7\u00e3o de um novo programa, e isso n\u00e3o \u00e9 suportado pela pe\u00e7a or\u00e7ament\u00e1ria, nem pela Lei de Responsabilidade Fiscal. E por isso foi vetado.\u201d<\/p>\n<p><em>Fonte: Ag\u00eancia Brasil<\/em><\/p>\n","protected":false},"excerpt":{"rendered":"<p>O ministro-chefe da Casa Civil, Onyx Lorenzoni, disse nessa sexta-feira, 4, que o governo n\u00e3o vai aumentar impostos. \u201c\u00c9 um princ\u00edpio deste governo n\u00e3o haver aumento de carga tribut\u00e1ria\u201d, afirmou Onyx, ao explicar a san\u00e7\u00e3o do projeto de incentivos fiscais para as superintend\u00eancias de Desenvolvimento da Amaz\u00f4nia (Sudam) e do Nordeste (Sudene). Segundo Onyx, o [&hellip;]<\/p>\n","protected":false},"author":96,"featured_media":0,"comment_status":"closed","ping_status":"closed","sticky":false,"template":"","format":"standard","meta":{"footnotes":""},"categories":[261,439],"tags":[],"class_list":["post-130036","post","type-post","status-publish","format-standard","hentry","category-economia","category-ultima-hora"],"_links":{"self":[{"href":"https:\/\/diarioregionaldigital.com.br\/index.php?rest_route=\/wp\/v2\/posts\/130036","targetHints":{"allow":["GET"]}}],"collection":[{"href":"https:\/\/diarioregionaldigital.com.br\/index.php?rest_route=\/wp\/v2\/posts"}],"about":[{"href":"https:\/\/diarioregionaldigital.com.br\/index.php?rest_route=\/wp\/v2\/types\/post"}],"author":[{"embeddable":true,"href":"https:\/\/diarioregionaldigital.com.br\/index.php?rest_route=\/wp\/v2\/users\/96"}],"replies":[{"embeddable":true,"href":"https:\/\/diarioregionaldigital.com.br\/index.php?rest_route=%2Fwp%2Fv2%2Fcomments&post=130036"}],"version-history":[{"count":0,"href":"https:\/\/diarioregionaldigital.com.br\/index.php?rest_route=\/wp\/v2\/posts\/130036\/revisions"}],"wp:attachment":[{"href":"https:\/\/diarioregionaldigital.com.br\/index.php?rest_route=%2Fwp%2Fv2%2Fmedia&parent=130036"}],"wp:term":[{"taxonomy":"category","embeddable":true,"href":"https:\/\/diarioregionaldigital.com.br\/index.php?rest_route=%2Fwp%2Fv2%2Fcategories&post=130036"},{"taxonomy":"post_tag","embeddable":true,"href":"https:\/\/diarioregionaldigital.com.br\/index.php?rest_route=%2Fwp%2Fv2%2Ftags&post=130036"}],"curies":[{"name":"wp","href":"https:\/\/api.w.org\/{rel}","templated":true}]}}