{"id":130024,"date":"2019-01-05T07:45:23","date_gmt":"2019-01-05T09:45:23","guid":{"rendered":"https:\/\/diarioregionaldigital.com.br\/?p=130024"},"modified":"2019-01-05T08:20:00","modified_gmt":"2019-01-05T10:20:00","slug":"empav-realiza-operacao-tapa-buracos-em-locais-atingidos-pelas-chuvas","status":"publish","type":"post","link":"https:\/\/diarioregionaldigital.com.br\/?p=130024","title":{"rendered":"Empav realiza opera\u00e7\u00e3o tapa-buracos em locais atingidos pelas chuvas"},"content":{"rendered":"<p>A Empresa Municipal de Pavimenta\u00e7\u00e3o e Urbaniza\u00e7\u00e3o (Empav) est\u00e1 priorizando os locais mais atingidos pelas chuvas na opera\u00e7\u00e3o tapa-buracos. Nessa sexta-feira, 4, a empresa continuou os trabalhos na Rua Doutor Geraldo Paleta, no Bairro Santa Rita. O servi\u00e7o come\u00e7ou na quinta-feira, 3, com o fechamento de grande trinca que se formou com as chuvas do \u00faltimo final de semana.<\/p>\n<p>O servi\u00e7o foi realizado tamb\u00e9m nas ruas S\u00e3o Vicente, Bairro Santa Rita; Luiz Rocha, Eldorado; Major Ivan da Veiga Figueiredo, S\u00e3o Judas Tadeu; e Iguassu, Branca Mascarenhas e Doutor Norberto Gerhein, Monte Castelo; Estrada Ribeir\u00e3o das Rosas, Barbosa Lage; ruas Silva Melo e Franklin de Paula Marques, Cidade do Sol; Jesus Raimundo, Teixeiras; e Doutor Costa Reis, Bela Aurora; Avenida Santa Luzia e Rua Tereza Nogueira dos Santos, Santa Luzia; Estrada Engenheiro Gentil Forn, Morro do Cristo; Rua Padre Caf\u00e9, S\u00e3o Mateus; Alameda Ilva Melo Reis, Santo Ant\u00f4nio; e ruas Henrique Pimenta Brasiel, Jardim Esperan\u00e7a; e Francisco Altomar, Ipiranga.<\/p>\n<p>Na quinta-feira, a Empav realizou opera\u00e7\u00e3o tapa-buracos nas ruas Cidade do Sol, bairro hom\u00f4nimo; Osmar Cortes Claro, Jardim S\u00e3o Jo\u00e3o; Iguassu, Monte Castelo; J\u00falio Menini, Borboleta; e Padre Ac\u00e1cio Duarte, Esplanada; avenidas dos Andradas, Santa Catarina; Presidente Itamar Franco, na altura do Centro e de S\u00e3o Mateus; Darcy Vargas, Ipiranga; e Santa Luzia e Rua Jos\u00e9 Nunes Leal, Santa Luzia; e Alameda Ilva Mello Reis, no Santo Ant\u00f4nio\/Retiro.<\/p>\n<p><em>Fonte: PJF<\/em><\/p>\n","protected":false},"excerpt":{"rendered":"<p>A Empresa Municipal de Pavimenta\u00e7\u00e3o e Urbaniza\u00e7\u00e3o (Empav) est\u00e1 priorizando os locais mais atingidos pelas chuvas na opera\u00e7\u00e3o tapa-buracos. Nessa sexta-feira, 4, a empresa continuou os trabalhos na Rua Doutor Geraldo Paleta, no Bairro Santa Rita. O servi\u00e7o come\u00e7ou na quinta-feira, 3, com o fechamento de grande trinca que se formou com as chuvas do [&hellip;]<\/p>\n","protected":false},"author":96,"featured_media":0,"comment_status":"closed","ping_status":"closed","sticky":false,"template":"","format":"standard","meta":{"footnotes":""},"categories":[253,436,440,439],"tags":[],"class_list":["post-130024","post","type-post","status-publish","format-standard","hentry","category-cidade","category-destaque-da-semana","category-destaques-do-dia","category-ultima-hora"],"_links":{"self":[{"href":"https:\/\/diarioregionaldigital.com.br\/index.php?rest_route=\/wp\/v2\/posts\/130024","targetHints":{"allow":["GET"]}}],"collection":[{"href":"https:\/\/diarioregionaldigital.com.br\/index.php?rest_route=\/wp\/v2\/posts"}],"about":[{"href":"https:\/\/diarioregionaldigital.com.br\/index.php?rest_route=\/wp\/v2\/types\/post"}],"author":[{"embeddable":true,"href":"https:\/\/diarioregionaldigital.com.br\/index.php?rest_route=\/wp\/v2\/users\/96"}],"replies":[{"embeddable":true,"href":"https:\/\/diarioregionaldigital.com.br\/index.php?rest_route=%2Fwp%2Fv2%2Fcomments&post=130024"}],"version-history":[{"count":0,"href":"https:\/\/diarioregionaldigital.com.br\/index.php?rest_route=\/wp\/v2\/posts\/130024\/revisions"}],"wp:attachment":[{"href":"https:\/\/diarioregionaldigital.com.br\/index.php?rest_route=%2Fwp%2Fv2%2Fmedia&parent=130024"}],"wp:term":[{"taxonomy":"category","embeddable":true,"href":"https:\/\/diarioregionaldigital.com.br\/index.php?rest_route=%2Fwp%2Fv2%2Fcategories&post=130024"},{"taxonomy":"post_tag","embeddable":true,"href":"https:\/\/diarioregionaldigital.com.br\/index.php?rest_route=%2Fwp%2Fv2%2Ftags&post=130024"}],"curies":[{"name":"wp","href":"https:\/\/api.w.org\/{rel}","templated":true}]}}