{"id":130021,"date":"2019-01-05T07:36:23","date_gmt":"2019-01-05T09:36:23","guid":{"rendered":"https:\/\/diarioregionaldigital.com.br\/?p=130021"},"modified":"2019-01-05T12:10:46","modified_gmt":"2019-01-05T14:10:46","slug":"homem-e-encontrado-morto-e-preso-a-poste-no-bairro-grajau","status":"publish","type":"post","link":"https:\/\/diarioregionaldigital.com.br\/?p=130021","title":{"rendered":"Homem \u00e9 encontrado morto e preso a poste no bairro Graja\u00fa"},"content":{"rendered":"<p>Nessa sexta-feira, 04, um homem, 36 anos, foi encontrado morto no bairro Graja\u00fa, na regi\u00e3o Leste de Juiz de Fora. A Pol\u00edcia Militar chegou at\u00e9 o local ap\u00f3s den\u00fancia de populares que passaram pela Rua Vitorino Braga, onde o caso aconteceu, e encontrou o homem j\u00e1 morto preso a um poste pelo pesco\u00e7o com um fio de telefone.<\/p>\n<p>O Servi\u00e7o de Atendimento M\u00f3vel de Urg\u00eancia (Samu) foi acionado e confirmou a morte. A per\u00edcia tamb\u00e9m foi at\u00e9 o local, mas n\u00e3o foi poss\u00edvel confirmar a causa da morte.<\/p>\n<p>O corpo foi ent\u00e3o encaminhado para o Instituto M\u00e9dico Legal (IML) e o caso ser\u00e1 apurado pela Pol\u00edcia Civil, que vai investigar o ocorrido.<\/p>\n","protected":false},"excerpt":{"rendered":"<p>Nessa sexta-feira, 04, um homem, 36 anos, foi encontrado morto no bairro Graja\u00fa, na regi\u00e3o Leste de Juiz de Fora. A Pol\u00edcia Militar chegou at\u00e9 o local ap\u00f3s den\u00fancia de populares que passaram pela Rua Vitorino Braga, onde o caso aconteceu, e encontrou o homem j\u00e1 morto preso a um poste pelo pesco\u00e7o com um [&hellip;]<\/p>\n","protected":false},"author":96,"featured_media":95836,"comment_status":"closed","ping_status":"closed","sticky":false,"template":"","format":"standard","meta":{"footnotes":""},"categories":[301],"tags":[],"class_list":["post-130021","post","type-post","status-publish","format-standard","has-post-thumbnail","hentry","category-artigos-policiais"],"_links":{"self":[{"href":"https:\/\/diarioregionaldigital.com.br\/index.php?rest_route=\/wp\/v2\/posts\/130021","targetHints":{"allow":["GET"]}}],"collection":[{"href":"https:\/\/diarioregionaldigital.com.br\/index.php?rest_route=\/wp\/v2\/posts"}],"about":[{"href":"https:\/\/diarioregionaldigital.com.br\/index.php?rest_route=\/wp\/v2\/types\/post"}],"author":[{"embeddable":true,"href":"https:\/\/diarioregionaldigital.com.br\/index.php?rest_route=\/wp\/v2\/users\/96"}],"replies":[{"embeddable":true,"href":"https:\/\/diarioregionaldigital.com.br\/index.php?rest_route=%2Fwp%2Fv2%2Fcomments&post=130021"}],"version-history":[{"count":0,"href":"https:\/\/diarioregionaldigital.com.br\/index.php?rest_route=\/wp\/v2\/posts\/130021\/revisions"}],"wp:featuredmedia":[{"embeddable":true,"href":"https:\/\/diarioregionaldigital.com.br\/index.php?rest_route=\/wp\/v2\/media\/95836"}],"wp:attachment":[{"href":"https:\/\/diarioregionaldigital.com.br\/index.php?rest_route=%2Fwp%2Fv2%2Fmedia&parent=130021"}],"wp:term":[{"taxonomy":"category","embeddable":true,"href":"https:\/\/diarioregionaldigital.com.br\/index.php?rest_route=%2Fwp%2Fv2%2Fcategories&post=130021"},{"taxonomy":"post_tag","embeddable":true,"href":"https:\/\/diarioregionaldigital.com.br\/index.php?rest_route=%2Fwp%2Fv2%2Ftags&post=130021"}],"curies":[{"name":"wp","href":"https:\/\/api.w.org\/{rel}","templated":true}]}}