{"id":130014,"date":"2019-01-04T17:42:52","date_gmt":"2019-01-04T19:42:52","guid":{"rendered":"https:\/\/diarioregionaldigital.com.br\/?p=130014"},"modified":"2019-01-04T17:42:52","modified_gmt":"2019-01-04T19:42:52","slug":"bolsonaro-sanciona-lei-que-permite-faltar-a-aula-por-motivo-religioso","status":"publish","type":"post","link":"https:\/\/diarioregionaldigital.com.br\/?p=130014","title":{"rendered":"Bolsonaro sanciona lei que permite faltar \u00e0 aula por motivo religioso"},"content":{"rendered":"<p>Estudantes poder\u00e3o faltar aulas e provas por motivos religiosos. \u00c9 que estabelece lei sancionada pelo presidente Jair Bolsonaro e publicada no\u00a0<a href=\"http:\/\/http\/\/pesquisa.in.gov.br\/imprensa\/jsp\/visualiza\/index.jsp?data=04\/01\/2019&amp;jornal=515&amp;pagina=3&amp;totalArquivos=93\"><em>Di\u00e1rio Oficial da Uni\u00e3o<\/em>\u00a0<\/a>de hoje, 4. A lei entrar\u00e1 em vigor em 60 dias, em mar\u00e7o. A partir desse m\u00eas, as escolas ter\u00e3o ainda dois anos para tomar as provid\u00eancias e fazer as adapta\u00e7\u00f5es necess\u00e1rias para colocar a medida em pr\u00e1tica.<\/p>\n<p>A nova lei estabelece que estudantes de escolas e universidades p\u00fablicas e privadas poder\u00e3o se ausentar de provas ou aulas, em dias que, \u201csegundo os preceitos de sua religi\u00e3o, seja vedado o exerc\u00edcio de tais atividades\u201d. Para isso, os estudantes ter\u00e3o que apresentar um requerimento com a devida anteced\u00eancia.<\/p>\n<p>Para repor as atividades, as institui\u00e7\u00f5es de ensino poder\u00e3o aplicar prova ou aula de reposi\u00e7\u00e3o, conforme o caso. Poder\u00e3o ainda solicitar dos alunos um trabalho escrito ou outra modalidade de atividade de pesquisa. Os estudantes que fizerem essas atividades ter\u00e3o garantida a presen\u00e7a.<\/p>\n<p>A lei n\u00e3o se aplica, no entanto, \u00e0s escolas militares. Isso porque o ensino militar \u00e9 regulado em lei espec\u00edfica, admitida a equival\u00eancia de estudos, de acordo com as normas fixadas pelos sistemas de ensino.<\/p>\n<p>De acordo com Ag\u00eancia Senado, a estimativa de l\u00edderes religiosos \u00e9 que cerca de 2 milh\u00f5es de brasileiros guardam o s\u00e1bado e, por raz\u00f5es de f\u00e9, n\u00e3o podem estudar ou trabalhar at\u00e9 o p\u00f4r do sol.<\/p>\n<p>Fonte: Ag\u00eancia Brasil<\/p>\n","protected":false},"excerpt":{"rendered":"<p>Estudantes poder\u00e3o faltar aulas e provas por motivos religiosos. \u00c9 que estabelece lei sancionada pelo presidente Jair Bolsonaro e publicada no\u00a0Di\u00e1rio Oficial da Uni\u00e3o\u00a0de hoje, 4. A lei entrar\u00e1 em vigor em 60 dias, em mar\u00e7o. A partir desse m\u00eas, as escolas ter\u00e3o ainda dois anos para tomar as provid\u00eancias e fazer as adapta\u00e7\u00f5es necess\u00e1rias [&hellip;]<\/p>\n","protected":false},"author":96,"featured_media":0,"comment_status":"closed","ping_status":"closed","sticky":false,"template":"","format":"standard","meta":{"footnotes":""},"categories":[436,254,439],"tags":[],"class_list":["post-130014","post","type-post","status-publish","format-standard","hentry","category-destaque-da-semana","category-politica","category-ultima-hora"],"_links":{"self":[{"href":"https:\/\/diarioregionaldigital.com.br\/index.php?rest_route=\/wp\/v2\/posts\/130014","targetHints":{"allow":["GET"]}}],"collection":[{"href":"https:\/\/diarioregionaldigital.com.br\/index.php?rest_route=\/wp\/v2\/posts"}],"about":[{"href":"https:\/\/diarioregionaldigital.com.br\/index.php?rest_route=\/wp\/v2\/types\/post"}],"author":[{"embeddable":true,"href":"https:\/\/diarioregionaldigital.com.br\/index.php?rest_route=\/wp\/v2\/users\/96"}],"replies":[{"embeddable":true,"href":"https:\/\/diarioregionaldigital.com.br\/index.php?rest_route=%2Fwp%2Fv2%2Fcomments&post=130014"}],"version-history":[{"count":0,"href":"https:\/\/diarioregionaldigital.com.br\/index.php?rest_route=\/wp\/v2\/posts\/130014\/revisions"}],"wp:attachment":[{"href":"https:\/\/diarioregionaldigital.com.br\/index.php?rest_route=%2Fwp%2Fv2%2Fmedia&parent=130014"}],"wp:term":[{"taxonomy":"category","embeddable":true,"href":"https:\/\/diarioregionaldigital.com.br\/index.php?rest_route=%2Fwp%2Fv2%2Fcategories&post=130014"},{"taxonomy":"post_tag","embeddable":true,"href":"https:\/\/diarioregionaldigital.com.br\/index.php?rest_route=%2Fwp%2Fv2%2Ftags&post=130014"}],"curies":[{"name":"wp","href":"https:\/\/api.w.org\/{rel}","templated":true}]}}