{"id":130001,"date":"2019-01-04T14:25:44","date_gmt":"2019-01-04T16:25:44","guid":{"rendered":"https:\/\/diarioregionaldigital.com.br\/?p=130001"},"modified":"2019-01-04T17:40:55","modified_gmt":"2019-01-04T19:40:55","slug":"presidente-diz-que-aliquota-do-imposto-de-renda-podera-ser-reduzida","status":"publish","type":"post","link":"https:\/\/diarioregionaldigital.com.br\/?p=130001","title":{"rendered":"Presidente diz que al\u00edquota do imposto de renda poder\u00e1 ser reduzida"},"content":{"rendered":"<p>O presidente Jair Bolsonaro disse nesta sexta-feira, 4, que o ministro da Economia, Paulo Guedes, deve anunciar a possibilidade de diminuir o teto da al\u00edquota do Imposto de Renda da Pessoa F\u00edsica, de 27,5% para 25%. &#8220;Porque o nosso governo tem de ter a marca de n\u00e3o aumentar impostos&#8221;, afirmou.<\/p>\n<p>Perguntado, Bolsonaro\u00a0disse que o aumento do Imposto sobre Opera\u00e7\u00f5es Financeiras (IOF) j\u00e1 foi assinado, mas &#8220;para quem tem opera\u00e7\u00e3o fora&#8221;. Segundo ele, a medida foi necess\u00e1ria &#8220;para poder cumprir uma exig\u00eancia de um projeto aprovado [pelo Congresso] nesse sentido, como pauta bomba, contra a nossa vontade&#8221;.<\/p>\n<p>O presidente afirmou que &#8220;o percentual [de aumento] \u00e9 m\u00ednimo, uma fra\u00e7\u00e3o&#8221;.<\/p>\n<p>Bolsonaro falou com a imprensa ap\u00f3s participar de cerim\u00f4nia de transmiss\u00e3o do\u00a0comando da Aeron\u00e1utica para o tenente brigadeiro do ar Antonio Carlos Moretti Bermudez, na Base A\u00e9rea de Bras\u00edlia.<\/p>\n<h2>Reforma da Previd\u00eancia<\/h2>\n<p>Bolsonaro tamb\u00e9m disse que o governo deve apresentar a proposta para a reforma da Previd\u00eancia ainda este m\u00eas. \u201cVamos aproveitar o que est\u00e1 na C\u00e2mara. A \u00faltima proposta minha \u00e9 aproveitar. Ela [a reforma] est\u00e1 num espa\u00e7o temporal que termina em 2030. Tudo aquilo que \u00e9 para entrar em vigor at\u00e9 o final de 2022, essa \u00e9 a \u00faltima ideia que eu quero ver se a gente consegue colocar em pr\u00e1tica e compor com o Parlamento j\u00e1 que a proposta est\u00e1 l\u00e1. Seria como est\u00e1 na proposta agora, 62 anos para os homens no final de 2022. E para mulheres, de 55 para 57 [anos].\u201d<\/p>\n<p>Em\u00a0<a href=\"http:\/\/agenciabrasil.ebc.com.br\/economia\/noticia\/2019-01\/bolsonaro-propoe-idade-minima-de-62-anos-para-homem-e-57-para-mulher\" target=\"_blank\" rel=\"noopener\">entrevista ao SBT<\/a>\u00a0na quinta-feira, 3, Bolsonaro disse que a proposta de reforma da Previd\u00eancia em discuss\u00e3o no governo prev\u00ea a idade m\u00ednima de 62 anos para os homens e 57 anos para as mulheres com aumento gradativo. Segundo Bolsonaro, seria mais um ano a partir da promulga\u00e7\u00e3o e outro em 2022, mas com diferen\u00e7as de idade m\u00ednima de acordo com a categoria profissional e a expectativa de vida.<\/p>\n<h2>Acordo Boeing-Embraer<\/h2>\n<p>Perguntado se apoiar\u00e1 o acordo entre a Embraer e a Boeing\u00a0&#8211; que prev\u00ea a cria\u00e7\u00e3o de uma nova companhia, uma\u00a0joint venture,\u00a0na qual a Boeing teria 80% e a Embraer, 20% -, o presidente disse ser favor\u00e1vel \u00e0 alian\u00e7a, mas ter preocupa\u00e7\u00f5es com o futuro da empresa.<\/p>\n<p>\u201cSeria muito bom essa fus\u00e3o, mas n\u00f3s n\u00e3o podemos, como est\u00e1 na \u00faltima proposta, que daqui a cinco anos tudo seja repassado para o outro lado. Nossa preocupa\u00e7\u00e3o \u00e9 essa, \u00e9 um patrim\u00f4nio nosso.\u201d<\/p>\n<h2>Solenidade<\/h2>\n<p>Durante a cerim\u00f4nia, o\u00a0oficial-general Antonio Carlos Moretti Bermudez assumiu o lugar do tenente-brigadeiro do ar Nivaldo Luiz Rossato, que comandou a Aeron\u00e1utica nos \u00faltimos quatro anos.<\/p>\n<p>Em seu discurso, Bermudez disse que um dos seus objetivos \u00e9 garantir recursos para a incorpora\u00e7\u00e3o de novas tecnologias, a qualidade dos cursos oferecidos pela For\u00e7a A\u00e9rea Brasileira (FAB) e a capacita\u00e7\u00e3o do efetivo.<\/p>\n<p>&#8220;O documento que define a conduta do governo federal nesta sua fase inicial deixa claro que dificuldades ir\u00e3o surgir, seja pelo receio \u00e0s mudan\u00e7as, seja pela escassez de recursos, ou mesmo provenientes da rea\u00e7\u00e3o corporativa ou do inconformismo com um governo verdadeiramente diferente. Entretanto, o pr\u00f3prio documento evidencia que nada disso ser\u00e1 suficiente para impedir o avan\u00e7o do nosso pa\u00eds\u201d, disse Bermudez.<\/p>\n<p>J\u00e1 o\u00a0tenente-brigadeiro Rossato que deixou hoje o cargo afirmou que deu in\u00edcio, durante\u00a0sua gest\u00e3o, \u00e0 reestrutura\u00e7\u00e3o da Aeron\u00e1utica, com aperfei\u00e7oamento da estrutura organizacional e a capacita\u00e7\u00e3o dos recursos humanos. Ele afirmou ainda que o poder a\u00e9reo \u00e9 a linha de frente de defesa da na\u00e7\u00e3o.<\/p>\n<p>\u201cAs amea\u00e7as existem, est\u00e3o mimetizadas \u00e0 nossa volta e at\u00e9 entre n\u00f3s, prontas a mostrar sua for\u00e7a aproveitando as nossas vulnerabilidades. Por isso, devemos estar sempre prontos, integrados com a Marinha e o Ex\u00e9rcito porque, se falharmos na defesa de nosso territ\u00f3rio,\u00a0ter\u00e1 sido em v\u00e3o todo nosso esfor\u00e7o em nosso passado. O poder a\u00e9reo \u00e9 a linha de frente da defesa da na\u00e7\u00e3o. A paz com os nossos vizinhos n\u00e3o permite \u00e0 na\u00e7\u00e3o o direito de menosprezar suas For\u00e7as Armadas\u201d, afirmou Rossato.<\/p>\n<p>\u201cNossas imensas \u00e1reas com baix\u00edssima densidade populacional, nossas florestas, minerais, nossas \u00e1guas, nossa gigantesca \u00e1rea agricultur\u00e1vel, nos obrigam a\u00a0ter uma capacidade dissuas\u00f3ria que desestimule aventuras ou subterf\u00fagios para perdermos nossa soberania\u201d, completou.<\/p>\n<p>O vice-presidente da Rep\u00fablica, Hamilton Mour\u00e3o, e os ministros da Defesa, general Fernando Azevedo, e do Gabinete de Seguran\u00e7a Institucional (GSI), general Augusto Heleno, participaram do evento. Tamb\u00e9m estiveram presentes \u00e0 cerim\u00f4nia os ministros da Secretaria-Geral da Presid\u00eancia, Gustavo Bebianno, da Justi\u00e7a e Seguran\u00e7a P\u00fablica, Sergio Moro, e da Ci\u00eancia, Tecnologia, Inova\u00e7\u00f5es e Comunica\u00e7\u00f5es, Marcos Pontes, al\u00e9m da procuradora-geral da Rep\u00fablica, Raquel Dodge.<\/p>\n<h2>Comandante da Aeron\u00e1utica<\/h2>\n<p>Ga\u00facho de Santo \u00c2ngelo (RS), o tenente-brigadeiro Bermudez, de 62 anos, est\u00e1 na For\u00e7a A\u00e9rea Brasileira (FAB) desde 1975. Em 43 anos de carreira, passou por v\u00e1rias \u00e1reas da FAB, desde a operacional at\u00e9 a estrat\u00e9gica: foi chefe do Estado-Maior do Comando-Geral de Opera\u00e7\u00f5es A\u00e9reas, chefe da Log\u00edstica do Estado-Maior Conjunto das For\u00e7as Armadas do Minist\u00e9rio da Defesa. Ao ser designado para o cargo de comandante da Aeron\u00e1utica, estava \u00e0 frente do Comando-Geral do Pessoal. Foi promovido ao posto de tenente-brigadeiro em novembro de 2014.<\/p>\n<p>&nbsp;<\/p>\n<p>Fonte: Ag\u00eancia Brasil<\/p>\n","protected":false},"excerpt":{"rendered":"<p>O presidente Jair Bolsonaro disse nesta sexta-feira, 4, que o ministro da Economia, Paulo Guedes, deve anunciar a possibilidade de diminuir o teto da al\u00edquota do Imposto de Renda da Pessoa F\u00edsica, de 27,5% para 25%. &#8220;Porque o nosso governo tem de ter a marca de n\u00e3o aumentar impostos&#8221;, afirmou. Perguntado, Bolsonaro\u00a0disse que o aumento [&hellip;]<\/p>\n","protected":false},"author":96,"featured_media":128017,"comment_status":"closed","ping_status":"closed","sticky":false,"template":"","format":"standard","meta":{"footnotes":""},"categories":[436,254,439],"tags":[],"class_list":["post-130001","post","type-post","status-publish","format-standard","has-post-thumbnail","hentry","category-destaque-da-semana","category-politica","category-ultima-hora"],"_links":{"self":[{"href":"https:\/\/diarioregionaldigital.com.br\/index.php?rest_route=\/wp\/v2\/posts\/130001","targetHints":{"allow":["GET"]}}],"collection":[{"href":"https:\/\/diarioregionaldigital.com.br\/index.php?rest_route=\/wp\/v2\/posts"}],"about":[{"href":"https:\/\/diarioregionaldigital.com.br\/index.php?rest_route=\/wp\/v2\/types\/post"}],"author":[{"embeddable":true,"href":"https:\/\/diarioregionaldigital.com.br\/index.php?rest_route=\/wp\/v2\/users\/96"}],"replies":[{"embeddable":true,"href":"https:\/\/diarioregionaldigital.com.br\/index.php?rest_route=%2Fwp%2Fv2%2Fcomments&post=130001"}],"version-history":[{"count":0,"href":"https:\/\/diarioregionaldigital.com.br\/index.php?rest_route=\/wp\/v2\/posts\/130001\/revisions"}],"wp:featuredmedia":[{"embeddable":true,"href":"https:\/\/diarioregionaldigital.com.br\/index.php?rest_route=\/wp\/v2\/media\/128017"}],"wp:attachment":[{"href":"https:\/\/diarioregionaldigital.com.br\/index.php?rest_route=%2Fwp%2Fv2%2Fmedia&parent=130001"}],"wp:term":[{"taxonomy":"category","embeddable":true,"href":"https:\/\/diarioregionaldigital.com.br\/index.php?rest_route=%2Fwp%2Fv2%2Fcategories&post=130001"},{"taxonomy":"post_tag","embeddable":true,"href":"https:\/\/diarioregionaldigital.com.br\/index.php?rest_route=%2Fwp%2Fv2%2Ftags&post=130001"}],"curies":[{"name":"wp","href":"https:\/\/api.w.org\/{rel}","templated":true}]}}