{"id":129991,"date":"2019-01-04T14:00:33","date_gmt":"2019-01-04T16:00:33","guid":{"rendered":"https:\/\/diarioregionaldigital.com.br\/?p=129991"},"modified":"2019-01-04T14:29:12","modified_gmt":"2019-01-04T16:29:12","slug":"ministro-da-justica-autoriza-envio-da-forca-nacional-ao-ceara","status":"publish","type":"post","link":"https:\/\/diarioregionaldigital.com.br\/?p=129991","title":{"rendered":"Ministro da Justi\u00e7a autoriza envio da For\u00e7a Nacional ao Cear\u00e1"},"content":{"rendered":"<p>O Minist\u00e9rio da Justi\u00e7a e da Seguran\u00e7a P\u00fablica autorizou nesta sexta-feira, 4, o envio de tropas da For\u00e7a Nacional de Seguran\u00e7a P\u00fablica para o Cear\u00e1. Desde a noite da quarta-feira, 2, o estado enfrenta uma onda de ataques criminosos coordenados.<\/p>\n<p>Segundo o minist\u00e9rio, cerca de 300 agentes e 30 viaturas seguem ainda nesta sexta-feira para o estado, onde atuar\u00e3o pelos pr\u00f3ximos 30 dias \u2013 prazo que pode ser prorrogado. A pedido do governo estadual, a For\u00e7a Nacional refor\u00e7ar\u00e1 o policiamento ostensivo e outras a\u00e7\u00f5es de apoio \u00e0s for\u00e7as de seguran\u00e7a p\u00fablica local, da Pol\u00edcia Federal (PF), da Pol\u00edcia Rodovi\u00e1ria Federal (PRF) e do Departamento Penitenci\u00e1rio Nacional (Depen).<\/p>\n<p>Na portaria em que autoriza o envio do efetivo, o ministro Sergio Moro tamb\u00e9m determina que a <a href=\"http:\/\/agenciabrasil.ebc.com.br\/geral\/noticia\/2019-01\/moro-determina-pf-prf-e-depen-auxiliem-na-seguranca-do-ceara\" target=\"_blank\" rel=\"noopener\">PF e a PRF intensifiquem as a\u00e7\u00f5es de preven\u00e7\u00e3o<\/a> e repress\u00e3o ao crime organizado e que o Depen preste todo o apoio necess\u00e1rio para as a\u00e7\u00f5es de seguran\u00e7a p\u00fablica.<\/p>\n<h2>Pedido<\/h2>\n<p>O efetivo da For\u00e7a Nacional j\u00e1 estava mobilizado desde quinta-feira, 3, quando o ministro Sergio Moro decidiu que, em caso de deteriora\u00e7\u00e3o da seguran\u00e7a, os agentes seriam deslocados para o estado a fim de auxiliar no policiamento ostensivo.<\/p>\n<p>O <a href=\"http:\/\/agenciabrasil.ebc.com.br\/geral\/noticia\/2019-01\/ceara-pede-forca-nacional-para-conter-ataques-governo-federal-analisa\" target=\"_blank\" rel=\"noopener\">pedido de envio da For\u00e7a Nacional<\/a> foi feito pelo governador do Cear\u00e1, Camilo Santana, na tarde desta quinta-feira, 3, depois que <a href=\"http:\/\/agenciabrasil.ebc.com.br\/geral\/noticia\/2019-01\/grupo-incendeia-onibus-e-explode-bomba-em-fortaleza\" target=\"_blank\" rel=\"noopener\">criminosos explodiram\u00a0uma bomba<\/a> em uma pilastra de um viaduto em Caucaia, regi\u00e3o metropolitana de Fortaleza, e incendiaram dois \u00f4nibus e uma van, durante a madrugada. Nas redes sociais, Santana afirmou ter pedido tamb\u00e9m o apoio do Ex\u00e9rcito. Para refor\u00e7ar a seguran\u00e7a, ele anunciou \u201ca nomea\u00e7\u00e3o imediata da turma de 220 novos agentes penitenci\u00e1rios, antes prevista para mar\u00e7o\u201d e \u201ca imediata nomea\u00e7\u00e3o dos 373 novos policiais militares, j\u00e1 formados, para atua\u00e7\u00e3o nas ruas\u201d.<\/p>\n<h2>Nova onda de ataques<\/h2>\n<p>Criminosos voltaram a atacar \u00f4nibus, ag\u00eancias banc\u00e1rias e pr\u00e9dios p\u00fablicos de Fortaleza\u00a0e regi\u00e3o metropolitana na madrugada desta sexta-feira, 4. Segundo a secretaria estadual da Seguran\u00e7a P\u00fablica e Defesa Social, ataques tamb\u00e9m foram registrados em cidades do interior do estado, entre as 21h de quinta-feira e na manh\u00e3 desta sexta-feira. A secretaria deve divulgar, nesta tarde, um novo balan\u00e7o das ocorr\u00eancias registradas desde a \u00faltima madrugada.<\/p>\n<p>Na cidade de Eus\u00e9bio, na regi\u00e3o metropolitana de Fortaleza, policiais militares trocaram tiros com criminosos que, segundo a PM, tentavam danificar um fotossensor (radar) na rodovia estadual CE-010. Um policial militar e tr\u00eas bandidos foram baleados. Ferido na perna de rasp\u00e3o, o policial foi transportado para o Instituto Doutor Jos\u00e9 Frota (IJF-Centro) e recebeu alta m\u00e9dica logo ap\u00f3s ser atendido. Um dos bandidos atingidos morreu no local da troca de tiros. Os outros dois foram detidos ap\u00f3s receber os primeiros socorros. Com eles, foi apreendida uma arma calibre 32. O resto do grupo conseguiu fugir.<\/p>\n<p>Esse foi o segundo dia consecutivo de ocorr\u00eancias simult\u00e2neas em diferentes bairros da regi\u00e3o. Desde da quinta-feira, 3, todo o sistema de conten\u00e7\u00e3o e emerg\u00eancia da seguran\u00e7a p\u00fablica est\u00e1 em regime de prontid\u00e3o. O transporte p\u00fablico est\u00e1 sendo monitorado e o policiamento foi refor\u00e7ado em todos os terminais de \u00f4nibus.<\/p>\n<p>Em entrevista, o defensor p\u00fablico Emerson Castelo Branco, que atua em pres\u00eddios no estado, disse que \u201cas causas dos incidentes ainda tem que ser apuradas\u201d. Ele assinala, entretanto, que os incidentes ocorrem ap\u00f3s a Secretaria Estadual de Administra\u00e7\u00e3o Penitenci\u00e1ria ter anunciado \u201cendurecimento\u201d na atua\u00e7\u00e3o dos 12 pres\u00eddios cearenses.<\/p>\n<p>Fonte: Ag\u00eancia Brasil<\/p>\n","protected":false},"excerpt":{"rendered":"<p>O Minist\u00e9rio da Justi\u00e7a e da Seguran\u00e7a P\u00fablica autorizou nesta sexta-feira, 4, o envio de tropas da For\u00e7a Nacional de Seguran\u00e7a P\u00fablica para o Cear\u00e1. Desde a noite da quarta-feira, 2, o estado enfrenta uma onda de ataques criminosos coordenados. Segundo o minist\u00e9rio, cerca de 300 agentes e 30 viaturas seguem ainda nesta sexta-feira para [&hellip;]<\/p>\n","protected":false},"author":96,"featured_media":129998,"comment_status":"closed","ping_status":"closed","sticky":false,"template":"","format":"standard","meta":{"footnotes":""},"categories":[302,436,440,262,439],"tags":[],"class_list":["post-129991","post","type-post","status-publish","format-standard","has-post-thumbnail","hentry","category-brasil-mundo","category-destaque-da-semana","category-destaques-do-dia","category-noticias","category-ultima-hora"],"_links":{"self":[{"href":"https:\/\/diarioregionaldigital.com.br\/index.php?rest_route=\/wp\/v2\/posts\/129991","targetHints":{"allow":["GET"]}}],"collection":[{"href":"https:\/\/diarioregionaldigital.com.br\/index.php?rest_route=\/wp\/v2\/posts"}],"about":[{"href":"https:\/\/diarioregionaldigital.com.br\/index.php?rest_route=\/wp\/v2\/types\/post"}],"author":[{"embeddable":true,"href":"https:\/\/diarioregionaldigital.com.br\/index.php?rest_route=\/wp\/v2\/users\/96"}],"replies":[{"embeddable":true,"href":"https:\/\/diarioregionaldigital.com.br\/index.php?rest_route=%2Fwp%2Fv2%2Fcomments&post=129991"}],"version-history":[{"count":0,"href":"https:\/\/diarioregionaldigital.com.br\/index.php?rest_route=\/wp\/v2\/posts\/129991\/revisions"}],"wp:featuredmedia":[{"embeddable":true,"href":"https:\/\/diarioregionaldigital.com.br\/index.php?rest_route=\/wp\/v2\/media\/129998"}],"wp:attachment":[{"href":"https:\/\/diarioregionaldigital.com.br\/index.php?rest_route=%2Fwp%2Fv2%2Fmedia&parent=129991"}],"wp:term":[{"taxonomy":"category","embeddable":true,"href":"https:\/\/diarioregionaldigital.com.br\/index.php?rest_route=%2Fwp%2Fv2%2Fcategories&post=129991"},{"taxonomy":"post_tag","embeddable":true,"href":"https:\/\/diarioregionaldigital.com.br\/index.php?rest_route=%2Fwp%2Fv2%2Ftags&post=129991"}],"curies":[{"name":"wp","href":"https:\/\/api.w.org\/{rel}","templated":true}]}}