{"id":129989,"date":"2019-01-04T14:09:56","date_gmt":"2019-01-04T16:09:56","guid":{"rendered":"https:\/\/diarioregionaldigital.com.br\/?p=129989"},"modified":"2019-01-06T12:25:21","modified_gmt":"2019-01-06T14:25:21","slug":"pjf-confirma-pagamento-da-folha-de-dezembro-dos-servidores-para-o-quinto-dia-util","status":"publish","type":"post","link":"https:\/\/diarioregionaldigital.com.br\/?p=129989","title":{"rendered":"PJF confirma pagamento da folha de dezembro dos servidores para o quinto dia \u00fatil"},"content":{"rendered":"<p>O Prefeito de Juiz de Fora, Ant\u00f4nio Almas (PSDB), garantiu, em reuni\u00e3o com representantes dos sindicatos, que o pagamento de dezembro dos servidores ser\u00e1 realizado no pr\u00f3ximo dia 8, ter\u00e7a-feira, marcado como quinto dia \u00fatil. Com isso, fica assegurada a quita\u00e7\u00e3o at\u00e9 o quinto dia \u00fatil do m\u00eas subsequente, conforme prev\u00ea a legisla\u00e7\u00e3o.<\/p>\n<p>Almas informou que a garantia do pagamento em dia e da gratifica\u00e7\u00e3o s\u00f3 foi poss\u00edvel gra\u00e7as ao trabalho de austeridade na rotina da m\u00e1quina administrativa e arrecada\u00e7\u00e3o influenciada pelo pagamento \u00e0 vista do IPTU 2019.\u00a0\u00a0O prefeito atualizou a d\u00edvida do Governo de Minas com o munic\u00edpio, da ordem de R$ 200 milh\u00f5es, como grande causa do momento de dificuldade financeira enfrentado pela Prefeitura.<\/p>\n<p>No dia 18 de dezembro, foi anunciado que o sal\u00e1rio de dezembro seria quitado at\u00e9 10 de janeiro de 2019, podendo ser cumprido no dia 8 (quinto dia \u00fatil do m\u00eas) e o 13\u00ba ser\u00e1 pago em duas parcelas \u2013 18 de janeiro e 15 de fevereiro.<\/p>\n<p>&nbsp;<\/p>\n","protected":false},"excerpt":{"rendered":"<p>O Prefeito de Juiz de Fora, Ant\u00f4nio Almas (PSDB), garantiu, em reuni\u00e3o com representantes dos sindicatos, que o pagamento de dezembro dos servidores ser\u00e1 realizado no pr\u00f3ximo dia 8, ter\u00e7a-feira, marcado como quinto dia \u00fatil. Com isso, fica assegurada a quita\u00e7\u00e3o at\u00e9 o quinto dia \u00fatil do m\u00eas subsequente, conforme prev\u00ea a legisla\u00e7\u00e3o. Almas informou [&hellip;]<\/p>\n","protected":false},"author":96,"featured_media":129993,"comment_status":"closed","ping_status":"closed","sticky":false,"template":"","format":"standard","meta":{"footnotes":""},"categories":[253,436,440,439],"tags":[],"class_list":["post-129989","post","type-post","status-publish","format-standard","has-post-thumbnail","hentry","category-cidade","category-destaque-da-semana","category-destaques-do-dia","category-ultima-hora"],"_links":{"self":[{"href":"https:\/\/diarioregionaldigital.com.br\/index.php?rest_route=\/wp\/v2\/posts\/129989","targetHints":{"allow":["GET"]}}],"collection":[{"href":"https:\/\/diarioregionaldigital.com.br\/index.php?rest_route=\/wp\/v2\/posts"}],"about":[{"href":"https:\/\/diarioregionaldigital.com.br\/index.php?rest_route=\/wp\/v2\/types\/post"}],"author":[{"embeddable":true,"href":"https:\/\/diarioregionaldigital.com.br\/index.php?rest_route=\/wp\/v2\/users\/96"}],"replies":[{"embeddable":true,"href":"https:\/\/diarioregionaldigital.com.br\/index.php?rest_route=%2Fwp%2Fv2%2Fcomments&post=129989"}],"version-history":[{"count":0,"href":"https:\/\/diarioregionaldigital.com.br\/index.php?rest_route=\/wp\/v2\/posts\/129989\/revisions"}],"wp:featuredmedia":[{"embeddable":true,"href":"https:\/\/diarioregionaldigital.com.br\/index.php?rest_route=\/wp\/v2\/media\/129993"}],"wp:attachment":[{"href":"https:\/\/diarioregionaldigital.com.br\/index.php?rest_route=%2Fwp%2Fv2%2Fmedia&parent=129989"}],"wp:term":[{"taxonomy":"category","embeddable":true,"href":"https:\/\/diarioregionaldigital.com.br\/index.php?rest_route=%2Fwp%2Fv2%2Fcategories&post=129989"},{"taxonomy":"post_tag","embeddable":true,"href":"https:\/\/diarioregionaldigital.com.br\/index.php?rest_route=%2Fwp%2Fv2%2Ftags&post=129989"}],"curies":[{"name":"wp","href":"https:\/\/api.w.org\/{rel}","templated":true}]}}