{"id":129976,"date":"2019-01-04T12:46:52","date_gmt":"2019-01-04T14:46:52","guid":{"rendered":"https:\/\/diarioregionaldigital.com.br\/?p=129976"},"modified":"2019-01-04T12:46:52","modified_gmt":"2019-01-04T14:46:52","slug":"prazo-para-justificar-ausencia-no-enade-vai-ate-o-dia-31","status":"publish","type":"post","link":"https:\/\/diarioregionaldigital.com.br\/?p=129976","title":{"rendered":"Prazo para justificar aus\u00eancia no Enade vai at\u00e9 o dia 31"},"content":{"rendered":"<p>Estudantes e institui\u00e7\u00f5es de ensino superior j\u00e1 podem\u00a0solicitar a Dispensa de Prova do Exame Nacional de Desempenho de Estudantes (Enade) at\u00e9 31 de janeiro.\u00a0O estudante inscrito que n\u00e3o\u00a0fez a prova e n\u00e3o justificar a aus\u00eancia\u00a0n\u00e3o poder\u00e1 colar grau e receber o diploma de gradua\u00e7\u00e3o.<span data-ccp-props=\"{&quot;201341983&quot;:0,&quot;335559739&quot;:160,&quot;335559740&quot;:259}\">\u00a0<\/span><\/p>\n<p>As solicita\u00e7\u00f5es de dispensa dever\u00e3o\u00a0ser feitas pelo\u00a0<a href=\"http:\/\/enade.inep.gov.br\/enade\/#!\/index\">Sistema Enade<\/a>\u00a0tanto pelos estudantes quanto pelas institui\u00e7\u00f5es de ensino. Elas ainda devem\u00a0conter, obrigatoriamente, c\u00f3pia digitalizada do documento original ou sua c\u00f3pia autenticada, que comprove o motivo da aus\u00eancia\u00a0na\u00a0aplica\u00e7\u00e3o do\u00a0Enade\u00a02018.\u00a0<span data-ccp-props=\"{&quot;201341983&quot;:0,&quot;335559739&quot;:160,&quot;335559740&quot;:259}\">\u00a0<\/span><\/p>\n<p>Os documentos comprobat\u00f3rios dever\u00e3o ser digitalizados, exclusivamente em formato PDF, com tamanho m\u00e1ximo de 2 MB, e inseridos no Sistema\u00a0Enade. Mais informa\u00e7\u00f5es podem ser conferidas no\u00a0<a href=\"http:\/\/portal.inep.gov.br\/artigo\/-\/asset_publisher\/B4AQV9zFY7Bv\/content\/id\/6375417\">site do Inep<\/a>.\u00a0<span data-ccp-props=\"{&quot;201341983&quot;:0,&quot;335559739&quot;:160,&quot;335559740&quot;:259}\">\u00a0<\/span><\/p>\n<h3>Relat\u00f3rio\u00a0<span data-ccp-props=\"{&quot;201341983&quot;:0,&quot;335559739&quot;:160,&quot;335559740&quot;:259}\">\u00a0<\/span><\/h3>\n<p>O Instituto Nacional de Estudos e Pesquisas Educacionais An\u00edsio Teixeira (Inep) divulgou nessa quinta-feira, 3, os relat\u00f3rios de alunos em situa\u00e7\u00e3o regular na edi\u00e7\u00e3o de 2018 do exame.\u00a0A rela\u00e7\u00e3o est\u00e1 dispon\u00edvel para coordenadores de curso e procuradores institucionais pelo Sistema\u00a0Enade, ap\u00f3s autentica\u00e7\u00e3o.\u00a0<span data-ccp-props=\"{&quot;201341983&quot;:0,&quot;335559739&quot;:160,&quot;335559740&quot;:259}\">\u00a0<\/span><\/p>\n<p>Fonte: Governo do Brasil, com informa\u00e7\u00f5es do\u00a0Inep<\/p>\n","protected":false},"excerpt":{"rendered":"<p>Estudantes e institui\u00e7\u00f5es de ensino superior j\u00e1 podem\u00a0solicitar a Dispensa de Prova do Exame Nacional de Desempenho de Estudantes (Enade) at\u00e9 31 de janeiro.\u00a0O estudante inscrito que n\u00e3o\u00a0fez a prova e n\u00e3o justificar a aus\u00eancia\u00a0n\u00e3o poder\u00e1 colar grau e receber o diploma de gradua\u00e7\u00e3o.\u00a0 As solicita\u00e7\u00f5es de dispensa dever\u00e3o\u00a0ser feitas pelo\u00a0Sistema Enade\u00a0tanto pelos estudantes quanto [&hellip;]<\/p>\n","protected":false},"author":96,"featured_media":129977,"comment_status":"closed","ping_status":"closed","sticky":false,"template":"","format":"standard","meta":{"footnotes":""},"categories":[302,436,439],"tags":[],"class_list":["post-129976","post","type-post","status-publish","format-standard","has-post-thumbnail","hentry","category-brasil-mundo","category-destaque-da-semana","category-ultima-hora"],"_links":{"self":[{"href":"https:\/\/diarioregionaldigital.com.br\/index.php?rest_route=\/wp\/v2\/posts\/129976","targetHints":{"allow":["GET"]}}],"collection":[{"href":"https:\/\/diarioregionaldigital.com.br\/index.php?rest_route=\/wp\/v2\/posts"}],"about":[{"href":"https:\/\/diarioregionaldigital.com.br\/index.php?rest_route=\/wp\/v2\/types\/post"}],"author":[{"embeddable":true,"href":"https:\/\/diarioregionaldigital.com.br\/index.php?rest_route=\/wp\/v2\/users\/96"}],"replies":[{"embeddable":true,"href":"https:\/\/diarioregionaldigital.com.br\/index.php?rest_route=%2Fwp%2Fv2%2Fcomments&post=129976"}],"version-history":[{"count":0,"href":"https:\/\/diarioregionaldigital.com.br\/index.php?rest_route=\/wp\/v2\/posts\/129976\/revisions"}],"wp:featuredmedia":[{"embeddable":true,"href":"https:\/\/diarioregionaldigital.com.br\/index.php?rest_route=\/wp\/v2\/media\/129977"}],"wp:attachment":[{"href":"https:\/\/diarioregionaldigital.com.br\/index.php?rest_route=%2Fwp%2Fv2%2Fmedia&parent=129976"}],"wp:term":[{"taxonomy":"category","embeddable":true,"href":"https:\/\/diarioregionaldigital.com.br\/index.php?rest_route=%2Fwp%2Fv2%2Fcategories&post=129976"},{"taxonomy":"post_tag","embeddable":true,"href":"https:\/\/diarioregionaldigital.com.br\/index.php?rest_route=%2Fwp%2Fv2%2Ftags&post=129976"}],"curies":[{"name":"wp","href":"https:\/\/api.w.org\/{rel}","templated":true}]}}