{"id":129970,"date":"2019-01-04T12:38:27","date_gmt":"2019-01-04T14:38:27","guid":{"rendered":"https:\/\/diarioregionaldigital.com.br\/?p=129970"},"modified":"2019-01-04T12:38:27","modified_gmt":"2019-01-04T14:38:27","slug":"proibicao-de-casamento-antes-dos-16-anos-sera-votada-pelo-plenario","status":"publish","type":"post","link":"https:\/\/diarioregionaldigital.com.br\/?p=129970","title":{"rendered":"Proibi\u00e7\u00e3o de casamento antes dos 16 anos ser\u00e1 votada pelo Plen\u00e1rio"},"content":{"rendered":"<p>Pode ser analisado em 2019 pelo Plen\u00e1rio do Senado o projeto que pro\u00edbe definitivamente o casamento de menores de 16 anos. O\u00a0PLC 56\/2018, j\u00e1 aprovado pela Comiss\u00e3o de Constitui\u00e7\u00e3o, Justi\u00e7a e Cidadania (CCJ), tem pedido de urg\u00eancia e est\u00e1 pronto para a an\u00e1lise do Plen\u00e1rio.<\/p>\n<p>De acordo com o\u00a0C\u00f3digo Civil, o casamento \u00e9 permitido ap\u00f3s a maioridade civil (18 anos) ou ap\u00f3s os 16 anos, com a autoriza\u00e7\u00e3o dos pais. Para menores de 16 anos, o casamento s\u00f3 \u00e9 admitido em caso de gravidez ou para evitar imposi\u00e7\u00e3o ou cumprimento de pena criminal, j\u00e1 que ter rela\u00e7\u00f5es sexuais com menores de 14 anos \u00e9 crime com pena que vai de 8 a 15 anos de reclus\u00e3o.<\/p>\n<p>Apesar de o C\u00f3digo Penal n\u00e3o prever mais a extin\u00e7\u00e3o da pena com o casamento, a men\u00e7\u00e3o a essa situa\u00e7\u00e3o n\u00e3o foi revogada no C\u00f3digo Civil. Para a deputada Laura Carneiro (DEM-RJ), autora do texto, a presen\u00e7a dessa reda\u00e7\u00e3o na lei, ainda que sem efic\u00e1cia, atenta tanto contra a dignidade das crian\u00e7as quanto contra a imagem do pa\u00eds no exterior. Para ela, a mudan\u00e7a na lei \u00e9 um avan\u00e7o. A relatora, senadora Marta Suplicy (MDB-SP), concorda.<\/p>\n<p>\u2014 O projeto atende a um mundo que mudou. Tem que ser encarada a quest\u00e3o das meninas, e por que n\u00e3o dizer dos meninos tamb\u00e9m, que s\u00e3o obrigados a casamentos que n\u00e3o fazem o menor sentido \u2014 disse Marta.<\/p>\n<p>Relat\u00f3rio\u00a0do Banco Mundial aponta que o n\u00famero de matr\u00edculas de meninas no ensino secund\u00e1rio (parte do ensino fundamental e todo o ensino m\u00e9dio) e o coeficiente de emprego das mulheres s\u00e3o\u00a0mais altos onde a idade legal para elas se casarem \u00e9 18 anos ou mais. &#8220;N\u00edveis educacionais mais baixos devido ao casamento infantil tamb\u00e9m podem afetar a capacidade da mulher de conseguir emprego&#8221;, aponta o relat\u00f3rio.<\/p>\n<p>Fonte: Ag\u00eancia Senado<\/p>\n","protected":false},"excerpt":{"rendered":"<p>Pode ser analisado em 2019 pelo Plen\u00e1rio do Senado o projeto que pro\u00edbe definitivamente o casamento de menores de 16 anos. O\u00a0PLC 56\/2018, j\u00e1 aprovado pela Comiss\u00e3o de Constitui\u00e7\u00e3o, Justi\u00e7a e Cidadania (CCJ), tem pedido de urg\u00eancia e est\u00e1 pronto para a an\u00e1lise do Plen\u00e1rio. De acordo com o\u00a0C\u00f3digo Civil, o casamento \u00e9 permitido ap\u00f3s [&hellip;]<\/p>\n","protected":false},"author":96,"featured_media":129971,"comment_status":"closed","ping_status":"closed","sticky":false,"template":"","format":"standard","meta":{"footnotes":""},"categories":[436,254,439],"tags":[],"class_list":["post-129970","post","type-post","status-publish","format-standard","has-post-thumbnail","hentry","category-destaque-da-semana","category-politica","category-ultima-hora"],"_links":{"self":[{"href":"https:\/\/diarioregionaldigital.com.br\/index.php?rest_route=\/wp\/v2\/posts\/129970","targetHints":{"allow":["GET"]}}],"collection":[{"href":"https:\/\/diarioregionaldigital.com.br\/index.php?rest_route=\/wp\/v2\/posts"}],"about":[{"href":"https:\/\/diarioregionaldigital.com.br\/index.php?rest_route=\/wp\/v2\/types\/post"}],"author":[{"embeddable":true,"href":"https:\/\/diarioregionaldigital.com.br\/index.php?rest_route=\/wp\/v2\/users\/96"}],"replies":[{"embeddable":true,"href":"https:\/\/diarioregionaldigital.com.br\/index.php?rest_route=%2Fwp%2Fv2%2Fcomments&post=129970"}],"version-history":[{"count":0,"href":"https:\/\/diarioregionaldigital.com.br\/index.php?rest_route=\/wp\/v2\/posts\/129970\/revisions"}],"wp:featuredmedia":[{"embeddable":true,"href":"https:\/\/diarioregionaldigital.com.br\/index.php?rest_route=\/wp\/v2\/media\/129971"}],"wp:attachment":[{"href":"https:\/\/diarioregionaldigital.com.br\/index.php?rest_route=%2Fwp%2Fv2%2Fmedia&parent=129970"}],"wp:term":[{"taxonomy":"category","embeddable":true,"href":"https:\/\/diarioregionaldigital.com.br\/index.php?rest_route=%2Fwp%2Fv2%2Fcategories&post=129970"},{"taxonomy":"post_tag","embeddable":true,"href":"https:\/\/diarioregionaldigital.com.br\/index.php?rest_route=%2Fwp%2Fv2%2Ftags&post=129970"}],"curies":[{"name":"wp","href":"https:\/\/api.w.org\/{rel}","templated":true}]}}