{"id":129965,"date":"2019-01-04T12:01:28","date_gmt":"2019-01-04T14:01:28","guid":{"rendered":"https:\/\/diarioregionaldigital.com.br\/?p=129965"},"modified":"2019-01-04T12:01:28","modified_gmt":"2019-01-04T14:01:28","slug":"prefeitura-busca-sugestoes-para-exploracao-de-espacos-publicos-2","status":"publish","type":"post","link":"https:\/\/diarioregionaldigital.com.br\/?p=129965","title":{"rendered":"Prefeitura busca sugest\u00f5es para explora\u00e7\u00e3o de espa\u00e7os p\u00fablicos"},"content":{"rendered":"<p>A Prefeitura lan\u00e7ou os primeiros editais de Procedimentos de Manifesta\u00e7\u00e3o de Interesse (PMI). Os chamamentos p\u00fablicos visam a explora\u00e7\u00e3o do edif\u00edcio-garagem e do complexo esportivo, composto pelo Est\u00e1dio Municipal \u201cRadialista M\u00e1rio Hel\u00eanio\u201d, o Gin\u00e1sio Poliesportivo \u201cJornalista Ant\u00f4nio Marcos\u201d e a \u00e1rea de estacionamento. Nesta etapa, pessoas jur\u00eddicas e f\u00edsicas poder\u00e3o enviar, de acordo com cronograma previsto nos editais, sugest\u00f5es para uso e gest\u00e3o dos locais. O PMI \u00e9 instrumento jur\u00eddico, que permite \u00e0 iniciativa privada a elabora\u00e7\u00e3o de projetos, estudos t\u00e9cnicos e de viabilidade econ\u00f4mica, antes de firmar parcerias com a administra\u00e7\u00e3o p\u00fablica ou assumir outros servi\u00e7os de utilidade p\u00fablica. No entanto, as contribui\u00e7\u00f5es dos participantes, nesta fase, n\u00e3o garante a participa\u00e7\u00e3o no edital final do processo.<\/p>\n<p>Nos pr\u00f3ximos dias 29 e 30, a PJF realizar\u00e1 sess\u00e3o p\u00fablica para prestar esclarecimentos aos interessados \u00e0 condu\u00e7\u00e3o dos processos. O primeiro dia ser\u00e1 dedicado ao edif\u00edcio-garagem e o segundo ao complexo esportivo.<\/p>\n<p><strong>Objetivos<\/strong><\/p>\n<p>O PMI tem como objetivo viabilizar a modelagem de projetos de infraestrutura, sem onerar os cofres p\u00fablicos, incentivando a contribui\u00e7\u00e3o do setor privado para o desenvolvimento das cidades. Com isso, a partir desta etapa, a equipe t\u00e9cnica da Secretaria de Planejamento e Gest\u00e3o (Seplag), com apoio t\u00e9cnico do Banco de Desenvolvimento de Minas Gerais (BDMG), avaliar\u00e1 as propostas apresentadas, podendo incorpor\u00e1-las, ou n\u00e3o, ao edital final de licita\u00e7\u00e3o.<\/p>\n<p>Ap\u00f3s a conclus\u00e3o dos estudos, se comprovada a viabilidade do projeto, ser\u00e1 realizado processo licitat\u00f3rio para concess\u00e3o, com base na modelagem econ\u00f4mica, financeira, jur\u00eddica e operacional, dentro dos crit\u00e9rios legais e atendendo ao interesse p\u00fablico.<\/p>\n<p>&nbsp;<\/p>\n","protected":false},"excerpt":{"rendered":"<p>A Prefeitura lan\u00e7ou os primeiros editais de Procedimentos de Manifesta\u00e7\u00e3o de Interesse (PMI). Os chamamentos p\u00fablicos visam a explora\u00e7\u00e3o do edif\u00edcio-garagem e do complexo esportivo, composto pelo Est\u00e1dio Municipal \u201cRadialista M\u00e1rio Hel\u00eanio\u201d, o Gin\u00e1sio Poliesportivo \u201cJornalista Ant\u00f4nio Marcos\u201d e a \u00e1rea de estacionamento. Nesta etapa, pessoas jur\u00eddicas e f\u00edsicas poder\u00e3o enviar, de acordo com cronograma [&hellip;]<\/p>\n","protected":false},"author":96,"featured_media":129966,"comment_status":"closed","ping_status":"closed","sticky":false,"template":"","format":"standard","meta":{"footnotes":""},"categories":[257,439],"tags":[],"class_list":["post-129965","post","type-post","status-publish","format-standard","has-post-thumbnail","hentry","category-esporte","category-ultima-hora"],"_links":{"self":[{"href":"https:\/\/diarioregionaldigital.com.br\/index.php?rest_route=\/wp\/v2\/posts\/129965","targetHints":{"allow":["GET"]}}],"collection":[{"href":"https:\/\/diarioregionaldigital.com.br\/index.php?rest_route=\/wp\/v2\/posts"}],"about":[{"href":"https:\/\/diarioregionaldigital.com.br\/index.php?rest_route=\/wp\/v2\/types\/post"}],"author":[{"embeddable":true,"href":"https:\/\/diarioregionaldigital.com.br\/index.php?rest_route=\/wp\/v2\/users\/96"}],"replies":[{"embeddable":true,"href":"https:\/\/diarioregionaldigital.com.br\/index.php?rest_route=%2Fwp%2Fv2%2Fcomments&post=129965"}],"version-history":[{"count":0,"href":"https:\/\/diarioregionaldigital.com.br\/index.php?rest_route=\/wp\/v2\/posts\/129965\/revisions"}],"wp:featuredmedia":[{"embeddable":true,"href":"https:\/\/diarioregionaldigital.com.br\/index.php?rest_route=\/wp\/v2\/media\/129966"}],"wp:attachment":[{"href":"https:\/\/diarioregionaldigital.com.br\/index.php?rest_route=%2Fwp%2Fv2%2Fmedia&parent=129965"}],"wp:term":[{"taxonomy":"category","embeddable":true,"href":"https:\/\/diarioregionaldigital.com.br\/index.php?rest_route=%2Fwp%2Fv2%2Fcategories&post=129965"},{"taxonomy":"post_tag","embeddable":true,"href":"https:\/\/diarioregionaldigital.com.br\/index.php?rest_route=%2Fwp%2Fv2%2Ftags&post=129965"}],"curies":[{"name":"wp","href":"https:\/\/api.w.org\/{rel}","templated":true}]}}