{"id":129962,"date":"2019-01-04T11:51:05","date_gmt":"2019-01-04T13:51:05","guid":{"rendered":"https:\/\/diarioregionaldigital.com.br\/?p=129962"},"modified":"2019-01-04T11:51:05","modified_gmt":"2019-01-04T13:51:05","slug":"justica-proibe-ronaldinho-de-deixar-o-brasil-e-viajar-para-dubai","status":"publish","type":"post","link":"https:\/\/diarioregionaldigital.com.br\/?p=129962","title":{"rendered":"Justi\u00e7a pro\u00edbe Ronaldinho de deixar o Brasil e viajar para Dubai"},"content":{"rendered":"<p>Ronaldinho Ga\u00facho foi proibido pela Justi\u00e7a brasileira de viajar para Dubai, nos Emirados \u00c1rabes, onde estava entre os anunciados para participar de uma confer\u00eancia sobre esportes, pelo n\u00e3o cumprimento de uma multa avaliada em 2 milh\u00f5es de euros (R$ 9 milh\u00f5es) por um crime ambiental. A informa\u00e7\u00e3o \u00e9 de Fernando Kall\u00e1s, do jornal espanhol &#8216;As&#8217;.<\/p>\n<p>O juiz Newton Fabr\u00edcio, da 1\u00aa C\u00e2mara C\u00edvel do Tribunal de Justi\u00e7a do Rio Grande do Sul, apreendeu o passaporte do jogador e de seu irm\u00e3o Assis por conta de uma senten\u00e7a imposta em 2015.<\/p>\n<p>O ex-jogador estava fora do pa\u00eds quando a decis\u00e3o foi anunciada, em novembro e, desde ent\u00e3o, n\u00e3o voltou ao Brasil at\u00e9 meados de dezembro, quando teve seu passaporte confiscado. Entre o an\u00fancio da decis\u00e3o e sua volta ao Brasil, Ronaldinho seguiu cumprindo compromissos publicit\u00e1rios ao redor do mundo.<\/p>\n<p>&#8211; Me parece que estamos diante de uma situa\u00e7\u00e3o aonde o condenado claramente zomba da Justi\u00e7a diante da sociedade brasileira e mundial &#8211; afirmou o Fiscal Brasilino Pereira dos Santos, em comunicado.<\/p>\n<p>Ainda de acordo com o jornal espanhol, ap\u00f3s v\u00e1rias tentativas da Justi\u00e7a para que o jogador e o irm\u00e3o cumprissem a senten\u00e7a e efetuassem o pagamento da multa, o Fisco interviu nas contas banc\u00e1rias do ex-jogador e encontrou apenas seis euros (R$ 24 reais) em seu saldo.<\/p>\n<p>O ex-jogador estava fora do pa\u00eds quando a decis\u00e3o foi anunciada, em novembro e, desde ent\u00e3o, n\u00e3o voltou ao Brasil at\u00e9 meados de dezembro, quando teve seu passaporte confiscado. Entre o an\u00fancio da decis\u00e3o e sua volta ao Brasil, Ronaldinho seguiu cumprindo compromissos publicit\u00e1rios ao redor do mundo.<\/p>\n<p>&#8211; Me parece que estamos diante de uma situa\u00e7\u00e3o aonde o condenado claramente zomba da Justi\u00e7a diante da sociedade brasileira e mundial &#8211; afirmou o Fiscal Brasilino Pereira dos Santos, em comunicado.<\/p>\n<p>Ainda de acordo com o jornal espanhol, ap\u00f3s v\u00e1rias tentativas da Justi\u00e7a para que o jogador e o irm\u00e3o cumprissem a senten\u00e7a e efetuasse o pagamento da multa, o Fisco interviu nas contas banc\u00e1rias do ex-jogador e encontrou apenas seis euros (R$ 24 reais) em seu saldo.<\/p>\n","protected":false},"excerpt":{"rendered":"<p>Ronaldinho Ga\u00facho foi proibido pela Justi\u00e7a brasileira de viajar para Dubai, nos Emirados \u00c1rabes, onde estava entre os anunciados para participar de uma confer\u00eancia sobre esportes, pelo n\u00e3o cumprimento de uma multa avaliada em 2 milh\u00f5es de euros (R$ 9 milh\u00f5es) por um crime ambiental. A informa\u00e7\u00e3o \u00e9 de Fernando Kall\u00e1s, do jornal espanhol &#8216;As&#8217;. [&hellip;]<\/p>\n","protected":false},"author":96,"featured_media":129963,"comment_status":"closed","ping_status":"closed","sticky":false,"template":"","format":"standard","meta":{"footnotes":""},"categories":[257,439],"tags":[],"class_list":["post-129962","post","type-post","status-publish","format-standard","has-post-thumbnail","hentry","category-esporte","category-ultima-hora"],"_links":{"self":[{"href":"https:\/\/diarioregionaldigital.com.br\/index.php?rest_route=\/wp\/v2\/posts\/129962","targetHints":{"allow":["GET"]}}],"collection":[{"href":"https:\/\/diarioregionaldigital.com.br\/index.php?rest_route=\/wp\/v2\/posts"}],"about":[{"href":"https:\/\/diarioregionaldigital.com.br\/index.php?rest_route=\/wp\/v2\/types\/post"}],"author":[{"embeddable":true,"href":"https:\/\/diarioregionaldigital.com.br\/index.php?rest_route=\/wp\/v2\/users\/96"}],"replies":[{"embeddable":true,"href":"https:\/\/diarioregionaldigital.com.br\/index.php?rest_route=%2Fwp%2Fv2%2Fcomments&post=129962"}],"version-history":[{"count":0,"href":"https:\/\/diarioregionaldigital.com.br\/index.php?rest_route=\/wp\/v2\/posts\/129962\/revisions"}],"wp:featuredmedia":[{"embeddable":true,"href":"https:\/\/diarioregionaldigital.com.br\/index.php?rest_route=\/wp\/v2\/media\/129963"}],"wp:attachment":[{"href":"https:\/\/diarioregionaldigital.com.br\/index.php?rest_route=%2Fwp%2Fv2%2Fmedia&parent=129962"}],"wp:term":[{"taxonomy":"category","embeddable":true,"href":"https:\/\/diarioregionaldigital.com.br\/index.php?rest_route=%2Fwp%2Fv2%2Fcategories&post=129962"},{"taxonomy":"post_tag","embeddable":true,"href":"https:\/\/diarioregionaldigital.com.br\/index.php?rest_route=%2Fwp%2Fv2%2Ftags&post=129962"}],"curies":[{"name":"wp","href":"https:\/\/api.w.org\/{rel}","templated":true}]}}