{"id":129959,"date":"2019-01-04T11:47:49","date_gmt":"2019-01-04T13:47:49","guid":{"rendered":"https:\/\/diarioregionaldigital.com.br\/?p=129959"},"modified":"2019-01-04T11:47:49","modified_gmt":"2019-01-04T13:47:49","slug":"colonia-de-ferias-esportiva-da-sel-acontece-em-janeiro","status":"publish","type":"post","link":"https:\/\/diarioregionaldigital.com.br\/?p=129959","title":{"rendered":"\u201cCol\u00f4nia de F\u00e9rias Esportiva da SEL\u201d acontece em janeiro"},"content":{"rendered":"<p>A Secretaria de Esporte e Lazer (SEL) da Prefeitura de Juiz de Fora (PJF) realizar\u00e1 &#8220;Col\u00f4nia de F\u00e9rias Esportiva&#8221;, voltada para crian\u00e7as de seis a 12 anos de idade, a partir de segunda-feira, 21, at\u00e9 quinta-feira, 31, sempre das 13h30 \u00e0s 17h30. Durante a semana, oficinas recreativas e esportivas, atividades aqu\u00e1ticas, visita ao Museu \u201cMariano Proc\u00f3pio\u201d, sess\u00e3o pipoca e conta\u00e7\u00e3o de hist\u00f3rias, entre outras brincadeiras.<\/p>\n<p>As inscri\u00e7\u00f5es, gratuitas, poder\u00e3o ser feitas na SEL, Avenida Rui Barbosa, 530, Bairro Santa Terezinha, entre os dias 14 e 18, das 8 \u00e0s 12 horas e das 14 \u00e0s 18 horas. A crian\u00e7a inscrita poder\u00e1 participar das atividades durante toda a semana. Outras informa\u00e7\u00f5es pelos telefones 3690-7844 ou 3690-7818.<br \/>\n<strong><\/p>\n<p><\/strong><\/p>\n","protected":false},"excerpt":{"rendered":"<p>A Secretaria de Esporte e Lazer (SEL) da Prefeitura de Juiz de Fora (PJF) realizar\u00e1 &#8220;Col\u00f4nia de F\u00e9rias Esportiva&#8221;, voltada para crian\u00e7as de seis a 12 anos de idade, a partir de segunda-feira, 21, at\u00e9 quinta-feira, 31, sempre das 13h30 \u00e0s 17h30. Durante a semana, oficinas recreativas e esportivas, atividades aqu\u00e1ticas, visita ao Museu \u201cMariano [&hellip;]<\/p>\n","protected":false},"author":96,"featured_media":129960,"comment_status":"closed","ping_status":"closed","sticky":false,"template":"","format":"standard","meta":{"footnotes":""},"categories":[257,439],"tags":[],"class_list":["post-129959","post","type-post","status-publish","format-standard","has-post-thumbnail","hentry","category-esporte","category-ultima-hora"],"_links":{"self":[{"href":"https:\/\/diarioregionaldigital.com.br\/index.php?rest_route=\/wp\/v2\/posts\/129959","targetHints":{"allow":["GET"]}}],"collection":[{"href":"https:\/\/diarioregionaldigital.com.br\/index.php?rest_route=\/wp\/v2\/posts"}],"about":[{"href":"https:\/\/diarioregionaldigital.com.br\/index.php?rest_route=\/wp\/v2\/types\/post"}],"author":[{"embeddable":true,"href":"https:\/\/diarioregionaldigital.com.br\/index.php?rest_route=\/wp\/v2\/users\/96"}],"replies":[{"embeddable":true,"href":"https:\/\/diarioregionaldigital.com.br\/index.php?rest_route=%2Fwp%2Fv2%2Fcomments&post=129959"}],"version-history":[{"count":0,"href":"https:\/\/diarioregionaldigital.com.br\/index.php?rest_route=\/wp\/v2\/posts\/129959\/revisions"}],"wp:featuredmedia":[{"embeddable":true,"href":"https:\/\/diarioregionaldigital.com.br\/index.php?rest_route=\/wp\/v2\/media\/129960"}],"wp:attachment":[{"href":"https:\/\/diarioregionaldigital.com.br\/index.php?rest_route=%2Fwp%2Fv2%2Fmedia&parent=129959"}],"wp:term":[{"taxonomy":"category","embeddable":true,"href":"https:\/\/diarioregionaldigital.com.br\/index.php?rest_route=%2Fwp%2Fv2%2Fcategories&post=129959"},{"taxonomy":"post_tag","embeddable":true,"href":"https:\/\/diarioregionaldigital.com.br\/index.php?rest_route=%2Fwp%2Fv2%2Ftags&post=129959"}],"curies":[{"name":"wp","href":"https:\/\/api.w.org\/{rel}","templated":true}]}}