{"id":129955,"date":"2019-01-04T11:43:34","date_gmt":"2019-01-04T13:43:34","guid":{"rendered":"https:\/\/diarioregionaldigital.com.br\/?p=129955"},"modified":"2019-01-04T11:43:34","modified_gmt":"2019-01-04T13:43:34","slug":"abel-braga-e-apresentado-pelo-flamengo","status":"publish","type":"post","link":"https:\/\/diarioregionaldigital.com.br\/?p=129955","title":{"rendered":"Abel Braga \u00e9 apresentado pelo Flamengo"},"content":{"rendered":"<p>O Flamengo\u00a0apresentou nesta quarta-feira o t\u00e9cnico Abel Braga. O treinador chega com o objetivo de conquistar t\u00edtulos ap\u00f3s 2018 em branco. O comandante exaltou seu retorno ao clube carioca, pois teve passagem em 2004.<\/p>\n<p>\u201cAlgumas coisas relevantes. Uma \u00e9 estar aqui. Tem uma papel na minha m\u00e3o aqui\u2026 maior m\u00e9dia de p\u00fablico. Isso diz muita coisa, o que \u00e9 esse clube. Peso e responsabilidade. Isso \u00e9 desafio, e eu adoro. Venho com fome. Isso a\u00ed. Quero dar algo mais ao Flamengo\u201d, disse.<\/p>\n<p>Abel Braga afirmou que um de seus primeiros objetivos \u00e9 dar uma identidade ao elenco, Segundo o treinador, o Flamengo n\u00e3o pode passar mais uma temporada sem t\u00edtulos.<\/p>\n<p>\u201cN\u00e3o gosto de promessas. Muito usual. Essa identidade eu conhe\u00e7o. Tem que ter uma maior. E n\u00e3o \u00e9 cr\u00edtica e ningu\u00e9m. Os caras v\u00e3o. N\u00e3o \u00e9 normal ter tanto favoritismo e falhar na hora de dar o salto, de vencer. Vamos ter que descobrir. Vou tentar\u201d, declarou.<\/p>\n<p>Sobre refor\u00e7os, o comandante n\u00e3o quis adiantar em qual patamar est\u00e3o as negocia\u00e7\u00f5es.<\/p>\n<p>\u201cO Marcos Braz viajou n\u00e3o foi a passeio. Foi conversar com algu\u00e9m\u2026 N\u00e3o se parou de trabalhar nenhum dia. Seis, sete, oito vezes no telefone. Queira ou n\u00e3o, tudo \u00e9 muito dif\u00edcil com Flamengo. Tudo triplica, \u00e9 preciso jogo de cintura. \u00c9 preciso negociar\u201d, comentou.<\/p>\n<p>No entanto, Abel Braga falou sobre a possibilidade do Flamengo contratar o zagueiro Ded\u00e9 e tamb\u00e9m comentou sobre a situa\u00e7\u00e3o de Diego.<\/p>\n<p>\u201cN\u00e3o v\u00e3o conseguir me pegar. Mas o Ded\u00e9 \u00e9 um jogador que considero mito, dispensa coment\u00e1rio. Se fizer uma enquete, vai chegar a 100% de sim entre os t\u00e9cnicos. Unanimidade nacional. Flamengo est\u00e1 tentando porque pensa grande\u201d, falou.<\/p>\n<p>\u201cJ\u00e1 conversamos sobre muita coisa. Diego tem contrato at\u00e9 o meio do ano, depois fica livre. J\u00e1 se conversou com ele, estamos tentando chegar a um acordo, para que se prorrogue o tempo de contrato. A\u00ed, meu limite termina. Eu quero ou n\u00e3o quero \u2013 esse \u00e9 o limite. Quanto vai ganhar, etc, estou totalmente alheio. Ele se identificou muito com o clube e que eu conhe\u00e7o relativamente bem. Tem car\u00e1ter impar, se cuida muit\u00edssimo\u201d, finalizou Abel\u00e3o.<\/p>\n<p>A delega\u00e7\u00e3o ficar\u00e1 pouco tempo no Rio de Janeiro, pois viaja para os EUA, onde vai disputar a Florida Cup. A estreia ser\u00e1 no dia 10, contra o Ajax-HOL. Dois dias depois, o advers\u00e1rio ser\u00e1 o Eintracht Frankfurt-ALE.<\/p>\n","protected":false},"excerpt":{"rendered":"<p>O Flamengo\u00a0apresentou nesta quarta-feira o t\u00e9cnico Abel Braga. O treinador chega com o objetivo de conquistar t\u00edtulos ap\u00f3s 2018 em branco. O comandante exaltou seu retorno ao clube carioca, pois teve passagem em 2004. \u201cAlgumas coisas relevantes. Uma \u00e9 estar aqui. Tem uma papel na minha m\u00e3o aqui\u2026 maior m\u00e9dia de p\u00fablico. Isso diz muita [&hellip;]<\/p>\n","protected":false},"author":96,"featured_media":129957,"comment_status":"closed","ping_status":"closed","sticky":false,"template":"","format":"standard","meta":{"footnotes":""},"categories":[257,439],"tags":[],"class_list":["post-129955","post","type-post","status-publish","format-standard","has-post-thumbnail","hentry","category-esporte","category-ultima-hora"],"_links":{"self":[{"href":"https:\/\/diarioregionaldigital.com.br\/index.php?rest_route=\/wp\/v2\/posts\/129955","targetHints":{"allow":["GET"]}}],"collection":[{"href":"https:\/\/diarioregionaldigital.com.br\/index.php?rest_route=\/wp\/v2\/posts"}],"about":[{"href":"https:\/\/diarioregionaldigital.com.br\/index.php?rest_route=\/wp\/v2\/types\/post"}],"author":[{"embeddable":true,"href":"https:\/\/diarioregionaldigital.com.br\/index.php?rest_route=\/wp\/v2\/users\/96"}],"replies":[{"embeddable":true,"href":"https:\/\/diarioregionaldigital.com.br\/index.php?rest_route=%2Fwp%2Fv2%2Fcomments&post=129955"}],"version-history":[{"count":0,"href":"https:\/\/diarioregionaldigital.com.br\/index.php?rest_route=\/wp\/v2\/posts\/129955\/revisions"}],"wp:featuredmedia":[{"embeddable":true,"href":"https:\/\/diarioregionaldigital.com.br\/index.php?rest_route=\/wp\/v2\/media\/129957"}],"wp:attachment":[{"href":"https:\/\/diarioregionaldigital.com.br\/index.php?rest_route=%2Fwp%2Fv2%2Fmedia&parent=129955"}],"wp:term":[{"taxonomy":"category","embeddable":true,"href":"https:\/\/diarioregionaldigital.com.br\/index.php?rest_route=%2Fwp%2Fv2%2Fcategories&post=129955"},{"taxonomy":"post_tag","embeddable":true,"href":"https:\/\/diarioregionaldigital.com.br\/index.php?rest_route=%2Fwp%2Fv2%2Ftags&post=129955"}],"curies":[{"name":"wp","href":"https:\/\/api.w.org\/{rel}","templated":true}]}}