{"id":129948,"date":"2019-01-04T09:15:28","date_gmt":"2019-01-04T11:15:28","guid":{"rendered":"https:\/\/diarioregionaldigital.com.br\/?p=129948"},"modified":"2019-01-04T09:15:43","modified_gmt":"2019-01-04T11:15:43","slug":"toffoli-da-48-horas-para-justica-informar-sobre-saude-de-joao-de-deus","status":"publish","type":"post","link":"https:\/\/diarioregionaldigital.com.br\/?p=129948","title":{"rendered":"Toffoli d\u00e1 48 horas para Justi\u00e7a informar sobre sa\u00fade de Jo\u00e3o de Deus"},"content":{"rendered":"<p>O presidente do Supremo Tribunal Federal (STF), ministro Dias Toffoli, deu prazo de 48 horas para que a Justi\u00e7a de Abadi\u00e2nia, em Goi\u00e1s, informe o estado de sa\u00fade do m\u00e9dium Jo\u00e3o Teixeira de Faria, conhecido como Jo\u00e3o de Deus. Com base nas informa\u00e7\u00f5es, Toffoli decidir\u00e1 sobre o pedido de liberdade feito pela defesa do m\u00e9dium ao STF.<\/p>\n<p>&#8220;Oficie-se, com urg\u00eancia, mediante fax ou\u00a0<em>e-mail<\/em>, ao ju\u00edzo de Direito da Vara \u00danica de Abadi\u00e2nia\/GO para que, colhendo informa\u00e7\u00f5es junto ao N\u00facleo de Cust\u00f3dia onde ele se encontra recolhido, informe \u00e0 Corte, em at\u00e9 48 horas, a sua atual condi\u00e7\u00e3o, bem como se o estabelecimento em quest\u00e3o oferece assist\u00eancia e tratamento m\u00e9dicos adequados \u00e0 situa\u00e7\u00e3o&#8221;, decidiu Toffoli.<\/p>\n<p>O m\u00e9dium est\u00e1 preso desde\u00a016 de dezembro sob a acusa\u00e7\u00e3o de\u00a0viola\u00e7\u00e3o sexual mediante fraude e dois crimes de estupro de vulner\u00e1vel.<\/p>\n<p>Nessa quarta-feira, 2,\u00a0 a Diretoria-Geral de Administra\u00e7\u00e3o Penitenci\u00e1ria do Estado de Goi\u00e1s (DGAP) informou que Jo\u00e3o de Deus est\u00e1 com\u00a0<a href=\"http:\/\/agenciabrasil.ebc.com.br\/geral\/noticia\/2019-01\/exames-constatam-que-joao-de-deus-tem-infeccao-urinaria\">infec\u00e7\u00e3o urin\u00e1ria<\/a>.<\/p>\n<p>Jo\u00e3o de Deus tem 76 anos, submeteu-se em 2015 a uma cirurgia e tratamento por causa de um c\u00e2ncer no est\u00f4mago e, segundo a assessoria da Casa\u00a0Dom\u00a0In\u00e1cio de Loyola, onde o m\u00e9dium prestava atendimento espiritual, \u00e9 cardiopata.<\/p>\n<p>Fonte: Ag\u00eancia Brasil<\/p>\n","protected":false},"excerpt":{"rendered":"<p>O presidente do Supremo Tribunal Federal (STF), ministro Dias Toffoli, deu prazo de 48 horas para que a Justi\u00e7a de Abadi\u00e2nia, em Goi\u00e1s, informe o estado de sa\u00fade do m\u00e9dium Jo\u00e3o Teixeira de Faria, conhecido como Jo\u00e3o de Deus. Com base nas informa\u00e7\u00f5es, Toffoli decidir\u00e1 sobre o pedido de liberdade feito pela defesa do m\u00e9dium [&hellip;]<\/p>\n","protected":false},"author":96,"featured_media":0,"comment_status":"closed","ping_status":"closed","sticky":false,"template":"","format":"standard","meta":{"footnotes":""},"categories":[302,439],"tags":[],"class_list":["post-129948","post","type-post","status-publish","format-standard","hentry","category-brasil-mundo","category-ultima-hora"],"_links":{"self":[{"href":"https:\/\/diarioregionaldigital.com.br\/index.php?rest_route=\/wp\/v2\/posts\/129948","targetHints":{"allow":["GET"]}}],"collection":[{"href":"https:\/\/diarioregionaldigital.com.br\/index.php?rest_route=\/wp\/v2\/posts"}],"about":[{"href":"https:\/\/diarioregionaldigital.com.br\/index.php?rest_route=\/wp\/v2\/types\/post"}],"author":[{"embeddable":true,"href":"https:\/\/diarioregionaldigital.com.br\/index.php?rest_route=\/wp\/v2\/users\/96"}],"replies":[{"embeddable":true,"href":"https:\/\/diarioregionaldigital.com.br\/index.php?rest_route=%2Fwp%2Fv2%2Fcomments&post=129948"}],"version-history":[{"count":0,"href":"https:\/\/diarioregionaldigital.com.br\/index.php?rest_route=\/wp\/v2\/posts\/129948\/revisions"}],"wp:attachment":[{"href":"https:\/\/diarioregionaldigital.com.br\/index.php?rest_route=%2Fwp%2Fv2%2Fmedia&parent=129948"}],"wp:term":[{"taxonomy":"category","embeddable":true,"href":"https:\/\/diarioregionaldigital.com.br\/index.php?rest_route=%2Fwp%2Fv2%2Fcategories&post=129948"},{"taxonomy":"post_tag","embeddable":true,"href":"https:\/\/diarioregionaldigital.com.br\/index.php?rest_route=%2Fwp%2Fv2%2Ftags&post=129948"}],"curies":[{"name":"wp","href":"https:\/\/api.w.org\/{rel}","templated":true}]}}