{"id":129943,"date":"2019-01-04T09:10:20","date_gmt":"2019-01-04T11:10:20","guid":{"rendered":"https:\/\/diarioregionaldigital.com.br\/?p=129943"},"modified":"2019-01-04T09:10:20","modified_gmt":"2019-01-04T11:10:20","slug":"homem-e-preso-por-porte-ilegal-de-arma-no-centro-de-jf","status":"publish","type":"post","link":"https:\/\/diarioregionaldigital.com.br\/?p=129943","title":{"rendered":"Homem \u00e9 preso por porte ilegal de arma no Centro de JF"},"content":{"rendered":"<p>Um homem, 30 anos, foi preso por porte ilegal de arma nessa quinta-feira, 03, na Rua Marechal Deodoro, no Centro de Juiz de Fora. Segundo a Pol\u00edcia Militar (PM), ele estava de posse de um rev\u00f3lver calibre 38 com numera\u00e7\u00e3o raspada, seis muni\u00e7\u00f5es intactas, al\u00e9m de uma faca.<\/p>\n<p>Antes de ser encontrado pela PM, o homem havia tentado assaltar uma mulher, 28 anos, em um hipermercado nas redondezas. Ele utilizou a arma para amea\u00e7ar a v\u00edtima, mas n\u00e3o conseguiu efetuar o roubo, fugindo em seguida.<\/p>\n<p>O autor foi preso em flagrante e encaminhado \u00e0 delegacia.<\/p>\n","protected":false},"excerpt":{"rendered":"<p>Um homem, 30 anos, foi preso por porte ilegal de arma nessa quinta-feira, 03, na Rua Marechal Deodoro, no Centro de Juiz de Fora. Segundo a Pol\u00edcia Militar (PM), ele estava de posse de um rev\u00f3lver calibre 38 com numera\u00e7\u00e3o raspada, seis muni\u00e7\u00f5es intactas, al\u00e9m de uma faca. Antes de ser encontrado pela PM, o [&hellip;]<\/p>\n","protected":false},"author":96,"featured_media":95836,"comment_status":"closed","ping_status":"closed","sticky":false,"template":"","format":"standard","meta":{"footnotes":""},"categories":[301],"tags":[],"class_list":["post-129943","post","type-post","status-publish","format-standard","has-post-thumbnail","hentry","category-artigos-policiais"],"_links":{"self":[{"href":"https:\/\/diarioregionaldigital.com.br\/index.php?rest_route=\/wp\/v2\/posts\/129943","targetHints":{"allow":["GET"]}}],"collection":[{"href":"https:\/\/diarioregionaldigital.com.br\/index.php?rest_route=\/wp\/v2\/posts"}],"about":[{"href":"https:\/\/diarioregionaldigital.com.br\/index.php?rest_route=\/wp\/v2\/types\/post"}],"author":[{"embeddable":true,"href":"https:\/\/diarioregionaldigital.com.br\/index.php?rest_route=\/wp\/v2\/users\/96"}],"replies":[{"embeddable":true,"href":"https:\/\/diarioregionaldigital.com.br\/index.php?rest_route=%2Fwp%2Fv2%2Fcomments&post=129943"}],"version-history":[{"count":0,"href":"https:\/\/diarioregionaldigital.com.br\/index.php?rest_route=\/wp\/v2\/posts\/129943\/revisions"}],"wp:featuredmedia":[{"embeddable":true,"href":"https:\/\/diarioregionaldigital.com.br\/index.php?rest_route=\/wp\/v2\/media\/95836"}],"wp:attachment":[{"href":"https:\/\/diarioregionaldigital.com.br\/index.php?rest_route=%2Fwp%2Fv2%2Fmedia&parent=129943"}],"wp:term":[{"taxonomy":"category","embeddable":true,"href":"https:\/\/diarioregionaldigital.com.br\/index.php?rest_route=%2Fwp%2Fv2%2Fcategories&post=129943"},{"taxonomy":"post_tag","embeddable":true,"href":"https:\/\/diarioregionaldigital.com.br\/index.php?rest_route=%2Fwp%2Fv2%2Ftags&post=129943"}],"curies":[{"name":"wp","href":"https:\/\/api.w.org\/{rel}","templated":true}]}}