{"id":129939,"date":"2019-01-04T09:02:30","date_gmt":"2019-01-04T11:02:30","guid":{"rendered":"https:\/\/diarioregionaldigital.com.br\/?p=129939"},"modified":"2019-01-04T09:02:30","modified_gmt":"2019-01-04T11:02:30","slug":"bolsonaro-confirma-retirada-de-bolsa-de-colostomia-em-28-de-janeiro","status":"publish","type":"post","link":"https:\/\/diarioregionaldigital.com.br\/?p=129939","title":{"rendered":"Bolsonaro confirma retirada de bolsa de colostomia em 28 de janeiro"},"content":{"rendered":"<p>O presidente Jair Bolsonaro confirmou nessa quinta-feira, 3, a retirada da bolsa de colostomia no dia\u00a028 de janeiro.\u00a0A cirurgia estava marcada para\u00a019 de janeiro, mas foi adiada em virtude da participa\u00e7\u00e3o do presidente no F\u00f3rum Econ\u00f4mico Mundial de Davos, de 22 a\u00a025 de janeiro. Segundo Bolsonaro, sua participa\u00e7\u00e3o foi um pedido do ministro da Economia, Paulo Guedes. \u201cEu pedi para adiar\u00a0em\u00a0uma semana\u00a0[a cirurgia], o m\u00e9dico gostou. Porque quanto mais tarde, melhor. Pretendo ir \u00e0 Su\u00ed\u00e7a, Davos, a pedido do Paulo Guedes. Vai ser minha estreia fora do Brasil\u201d.<\/p>\n<p>No per\u00edodo em estiver em Davos, a Presid\u00eancia ser\u00e1 ocupada pelo vice\u00a0Hamilton Mour\u00e3o, e Bolsonaro n\u00e3o economizou elogios \u00e0\u00a0compet\u00eancia ao general. Afirmou que a pol\u00edtica do seu governo continuar\u00e1 a mesma em\u00a0sua aus\u00eancia e n\u00e3o haver\u00e1 nenhuma \u201caventura\u201d.<\/p>\n<p>\u201cO general Mour\u00e3o \u00e9 uma pessoa competente, disciplinada.\u00a0Ele vai conduzir a nossa pol\u00edtica, n\u00e3o haver\u00e1 nenhuma aventura nesse momento, pode\u00a0ter\u00a0certeza\u201d,\u00a0disse Bolsonaro em entrevista ao\u00a0<em>SBT<\/em>.<\/p>\n<h2>Atentado<\/h2>\n<p>Bolsonaro usa uma bolsa de colostomia desde que foi\u00a0<a href=\"http:\/\/agenciabrasil.ebc.com.br\/geral\/noticia\/2018-09\/jair-bolsonaro-e-agredido-durante-campanha-em-juiz-de-fora\" target=\"_blank\" rel=\"noopener\">esfaqueado<\/a>\u00a0em um ato de campanha, em Juiz de Fora, dia\u00a06 de setembro. A facada atingiu\u00a0o\u00a0intestino e Bolsonaro foi submetido a duas cirurgias, uma na Santa Casa de Juiz de Fora e outra no\u00a0Hospital Albert Einstein, em S\u00e3o Paulo. Bolsonaro passou 22 dias internado e desde ent\u00e3o est\u00e1 com a\u00a0<a href=\"http:\/\/agenciabrasil.ebc.com.br\/politica\/noticia\/2018-09\/bolsonaro-usara-bolsa-de-colostomia-por-ate-tres-meses-diz-medica\" target=\"_blank\" rel=\"noopener\">bolsa de colostomia<\/a>, que funciona como um intestino externo e possibilita a recupera\u00e7\u00e3o do intestino grosso e delgado.<\/p>\n<p><em>Fonte: Ag\u00eancia Brasil<\/em><\/p>\n","protected":false},"excerpt":{"rendered":"<p>O presidente Jair Bolsonaro confirmou nessa quinta-feira, 3, a retirada da bolsa de colostomia no dia\u00a028 de janeiro.\u00a0A cirurgia estava marcada para\u00a019 de janeiro, mas foi adiada em virtude da participa\u00e7\u00e3o do presidente no F\u00f3rum Econ\u00f4mico Mundial de Davos, de 22 a\u00a025 de janeiro. Segundo Bolsonaro, sua participa\u00e7\u00e3o foi um pedido do ministro da Economia, [&hellip;]<\/p>\n","protected":false},"author":96,"featured_media":0,"comment_status":"closed","ping_status":"closed","sticky":false,"template":"","format":"standard","meta":{"footnotes":""},"categories":[302,439],"tags":[],"class_list":["post-129939","post","type-post","status-publish","format-standard","hentry","category-brasil-mundo","category-ultima-hora"],"_links":{"self":[{"href":"https:\/\/diarioregionaldigital.com.br\/index.php?rest_route=\/wp\/v2\/posts\/129939","targetHints":{"allow":["GET"]}}],"collection":[{"href":"https:\/\/diarioregionaldigital.com.br\/index.php?rest_route=\/wp\/v2\/posts"}],"about":[{"href":"https:\/\/diarioregionaldigital.com.br\/index.php?rest_route=\/wp\/v2\/types\/post"}],"author":[{"embeddable":true,"href":"https:\/\/diarioregionaldigital.com.br\/index.php?rest_route=\/wp\/v2\/users\/96"}],"replies":[{"embeddable":true,"href":"https:\/\/diarioregionaldigital.com.br\/index.php?rest_route=%2Fwp%2Fv2%2Fcomments&post=129939"}],"version-history":[{"count":0,"href":"https:\/\/diarioregionaldigital.com.br\/index.php?rest_route=\/wp\/v2\/posts\/129939\/revisions"}],"wp:attachment":[{"href":"https:\/\/diarioregionaldigital.com.br\/index.php?rest_route=%2Fwp%2Fv2%2Fmedia&parent=129939"}],"wp:term":[{"taxonomy":"category","embeddable":true,"href":"https:\/\/diarioregionaldigital.com.br\/index.php?rest_route=%2Fwp%2Fv2%2Fcategories&post=129939"},{"taxonomy":"post_tag","embeddable":true,"href":"https:\/\/diarioregionaldigital.com.br\/index.php?rest_route=%2Fwp%2Fv2%2Ftags&post=129939"}],"curies":[{"name":"wp","href":"https:\/\/api.w.org\/{rel}","templated":true}]}}