{"id":129935,"date":"2019-01-04T08:49:58","date_gmt":"2019-01-04T10:49:58","guid":{"rendered":"https:\/\/diarioregionaldigital.com.br\/?p=129935"},"modified":"2019-01-04T08:49:58","modified_gmt":"2019-01-04T10:49:58","slug":"parcerias-com-setores-da-pjf-ampliam-manutencao-do-museu-no-periodo-de-chuvas","status":"publish","type":"post","link":"https:\/\/diarioregionaldigital.com.br\/?p=129935","title":{"rendered":"Parcerias com setores da PJF ampliam manuten\u00e7\u00e3o do Museu no per\u00edodo de chuvas"},"content":{"rendered":"<p>Com parceria da Secretaria de Obras (SO) da Prefeitura de Juiz de Fora (PJF), a Funda\u00e7\u00e3o Museu \u201cMariano Proc\u00f3pio\u201d realiza reparos em uma das vias de acesso ao bosque do museu. Est\u00e3o sendo colocados blocos de \u201cmeio-fio\u201d em \u00e1reas prejudicadas pela eros\u00e3o causada pelas chuvas, possibilitando agora o escoamento correto da \u00e1gua. Em dezembro do ano passado, com o grande volume de chuvas, a Empresa Municipal de Pavimenta\u00e7\u00e3o e Urbaniza\u00e7\u00e3o (Empav) trabalhou na limpeza das calhas dos pr\u00e9dios hist\u00f3ricos, com utiliza\u00e7\u00e3o de caminh\u00e3o especifico para esse tipo de atividade. Al\u00e9m disso, foram podadas \u00e1rvores em risco de queda. Retirados pela equipe do Departamento de Planejamento e Manejo do Parque (DPMP) da funda\u00e7\u00e3o, os res\u00edduos foram recolhidos pelos servidores do Departamento Municipal de Limpeza Urbana (Demlurb).<\/p>\n<p>Al\u00e9m do suporte da PJF, a equipe do Museu faz constante monitoramento dos pr\u00e9dios hist\u00f3ricos e do parque, possibilitando a manuten\u00e7\u00e3o para a visita do p\u00fablico.<\/p>\n<p><em>Fonte: Assessoria<\/em><\/p>\n","protected":false},"excerpt":{"rendered":"<p>Com parceria da Secretaria de Obras (SO) da Prefeitura de Juiz de Fora (PJF), a Funda\u00e7\u00e3o Museu \u201cMariano Proc\u00f3pio\u201d realiza reparos em uma das vias de acesso ao bosque do museu. Est\u00e3o sendo colocados blocos de \u201cmeio-fio\u201d em \u00e1reas prejudicadas pela eros\u00e3o causada pelas chuvas, possibilitando agora o escoamento correto da \u00e1gua. Em dezembro do [&hellip;]<\/p>\n","protected":false},"author":96,"featured_media":0,"comment_status":"closed","ping_status":"closed","sticky":false,"template":"","format":"standard","meta":{"footnotes":""},"categories":[253,439],"tags":[],"class_list":["post-129935","post","type-post","status-publish","format-standard","hentry","category-cidade","category-ultima-hora"],"_links":{"self":[{"href":"https:\/\/diarioregionaldigital.com.br\/index.php?rest_route=\/wp\/v2\/posts\/129935","targetHints":{"allow":["GET"]}}],"collection":[{"href":"https:\/\/diarioregionaldigital.com.br\/index.php?rest_route=\/wp\/v2\/posts"}],"about":[{"href":"https:\/\/diarioregionaldigital.com.br\/index.php?rest_route=\/wp\/v2\/types\/post"}],"author":[{"embeddable":true,"href":"https:\/\/diarioregionaldigital.com.br\/index.php?rest_route=\/wp\/v2\/users\/96"}],"replies":[{"embeddable":true,"href":"https:\/\/diarioregionaldigital.com.br\/index.php?rest_route=%2Fwp%2Fv2%2Fcomments&post=129935"}],"version-history":[{"count":0,"href":"https:\/\/diarioregionaldigital.com.br\/index.php?rest_route=\/wp\/v2\/posts\/129935\/revisions"}],"wp:attachment":[{"href":"https:\/\/diarioregionaldigital.com.br\/index.php?rest_route=%2Fwp%2Fv2%2Fmedia&parent=129935"}],"wp:term":[{"taxonomy":"category","embeddable":true,"href":"https:\/\/diarioregionaldigital.com.br\/index.php?rest_route=%2Fwp%2Fv2%2Fcategories&post=129935"},{"taxonomy":"post_tag","embeddable":true,"href":"https:\/\/diarioregionaldigital.com.br\/index.php?rest_route=%2Fwp%2Fv2%2Ftags&post=129935"}],"curies":[{"name":"wp","href":"https:\/\/api.w.org\/{rel}","templated":true}]}}