{"id":129934,"date":"2019-01-04T08:50:05","date_gmt":"2019-01-04T10:50:05","guid":{"rendered":"https:\/\/diarioregionaldigital.com.br\/?p=129934"},"modified":"2019-01-04T08:50:05","modified_gmt":"2019-01-04T10:50:05","slug":"familia-tem-casa-arrombada-na-br-267","status":"publish","type":"post","link":"https:\/\/diarioregionaldigital.com.br\/?p=129934","title":{"rendered":"Fam\u00edlia tem casa arrombada na BR 267"},"content":{"rendered":"<p>Uma fam\u00edlia teve a casa invadida na \u00faltima quarta-feira, 2, na rodovia BR 267, na altura do condom\u00ednio Belo Vale.<\/p>\n<p>De acordo com uma das v\u00edtimas, um idoso de 78 anos, dois indiv\u00edduos chegaram \u00e0 resid\u00eancia por volta de 21h pedindo um pouco de \u00e1gua. Com medo, o homem negou o pedido, mas os autores quebraram o vidro da porta com um p\u00e9 de cabra e abriram a porta com as chaves que estavam do lado interno da casa.<\/p>\n<p>Outras duas pessoas, um mulher de 42 anos portadora de necessidades especiais e uma idosa de 77 anos, tamb\u00e9m estavam no local no momento do crime os assaltantes amarraram as tr\u00eas v\u00edtimas utilizando len\u00e7\u00f3is e fizeram amea\u00e7a de morte \u00e0 elas.<\/p>\n<p>A casa foi completamente revirada e os autores conseguiram localizar a quantia de R$850, que corresponde ao sal\u00e1rio da v\u00edtima portadora de necessidades especiais, e tamb\u00e9m R$2.000 que estavam escondidos dentro de um guarda roupa.<\/p>\n<p>Ap\u00f3s conseguir o dinheiro, os autores fugiram e n\u00e3o foram localizados.<\/p>\n","protected":false},"excerpt":{"rendered":"<p>Uma fam\u00edlia teve a casa invadida na \u00faltima quarta-feira, 2, na rodovia BR 267, na altura do condom\u00ednio Belo Vale. De acordo com uma das v\u00edtimas, um idoso de 78 anos, dois indiv\u00edduos chegaram \u00e0 resid\u00eancia por volta de 21h pedindo um pouco de \u00e1gua. Com medo, o homem negou o pedido, mas os autores [&hellip;]<\/p>\n","protected":false},"author":96,"featured_media":95836,"comment_status":"closed","ping_status":"closed","sticky":false,"template":"","format":"standard","meta":{"footnotes":""},"categories":[301],"tags":[],"class_list":["post-129934","post","type-post","status-publish","format-standard","has-post-thumbnail","hentry","category-artigos-policiais"],"_links":{"self":[{"href":"https:\/\/diarioregionaldigital.com.br\/index.php?rest_route=\/wp\/v2\/posts\/129934","targetHints":{"allow":["GET"]}}],"collection":[{"href":"https:\/\/diarioregionaldigital.com.br\/index.php?rest_route=\/wp\/v2\/posts"}],"about":[{"href":"https:\/\/diarioregionaldigital.com.br\/index.php?rest_route=\/wp\/v2\/types\/post"}],"author":[{"embeddable":true,"href":"https:\/\/diarioregionaldigital.com.br\/index.php?rest_route=\/wp\/v2\/users\/96"}],"replies":[{"embeddable":true,"href":"https:\/\/diarioregionaldigital.com.br\/index.php?rest_route=%2Fwp%2Fv2%2Fcomments&post=129934"}],"version-history":[{"count":0,"href":"https:\/\/diarioregionaldigital.com.br\/index.php?rest_route=\/wp\/v2\/posts\/129934\/revisions"}],"wp:featuredmedia":[{"embeddable":true,"href":"https:\/\/diarioregionaldigital.com.br\/index.php?rest_route=\/wp\/v2\/media\/95836"}],"wp:attachment":[{"href":"https:\/\/diarioregionaldigital.com.br\/index.php?rest_route=%2Fwp%2Fv2%2Fmedia&parent=129934"}],"wp:term":[{"taxonomy":"category","embeddable":true,"href":"https:\/\/diarioregionaldigital.com.br\/index.php?rest_route=%2Fwp%2Fv2%2Fcategories&post=129934"},{"taxonomy":"post_tag","embeddable":true,"href":"https:\/\/diarioregionaldigital.com.br\/index.php?rest_route=%2Fwp%2Fv2%2Ftags&post=129934"}],"curies":[{"name":"wp","href":"https:\/\/api.w.org\/{rel}","templated":true}]}}