{"id":129926,"date":"2019-01-06T06:00:33","date_gmt":"2019-01-06T08:00:33","guid":{"rendered":"https:\/\/diarioregionaldigital.com.br\/?p=129926"},"modified":"2019-01-03T21:24:28","modified_gmt":"2019-01-03T23:24:28","slug":"a-fe-consiste-em-apreender-a-essencia-invisivel-de-coisas-e-fatos","status":"publish","type":"post","link":"https:\/\/diarioregionaldigital.com.br\/?p=129926","title":{"rendered":"A f\u00e9 consiste em apreender a ess\u00eancia invis\u00edvel de coisas e fatos"},"content":{"rendered":"<p style=\"text-align: center;\"><strong>A f\u00e9 consiste em apreender a ess\u00eancia invis\u00edvel de coisas e fatos<\/strong><\/p>\n<p style=\"text-align: center;\">Por que ser\u00e1 que Deus, com Sua onipot\u00eancia, n\u00e3o criou \u00e1rSe voc\u00ea deseja retomar ao caminho glorioso e livre que lhe cabe trilhar na qualidade de um filho de Deus, em primeiro lugar deve obter a independ\u00eancia do seu esp\u00edrito. Para obter essa independ\u00eancia, precisa consolidar sua f\u00e9. A prop\u00f3sito, para explicar qualquer assunto, precisamos deixar definido o significado dos termos que vamos utilizar, sem o que o leitor poder\u00e1 atribuir-lhes outros significados e interpretar de modo totalmente equivocado o teor da explica\u00e7\u00e3o.<br \/>\nEm primeiro lugar, falarei sobre o significado do termo f\u00e9. O ap\u00f3stolo Paulo disse: \u201cA f\u00e9 \u00e9 o firme fundamento das coisas que se esperam, e a prova das coisas que n\u00e3o se veem\u201d. Este \u00e9 o princ\u00edpio que constitui o eixo do pensamento iluminador, que vem sendo difundido atualmente. Em outras palavras, a f\u00e9 \u00e9 a certeza interior em rela\u00e7\u00e3o ao que se deseja ou espera; \u00e9 a for\u00e7a que possibilita apreender algo que, embora invis\u00edvel, existe como ess\u00eancia original indestrut\u00edvel. Trata-se de uma \u201ca\u00e7\u00e3o espiritual\u201d suscitada pela Imagem Verdadeira (Esp\u00edrito da Verdade, segundo a B\u00edblia) que se aloja em n\u00f3s. Gra\u00e7as a essa a\u00e7\u00e3o espiritual, conseguimos crer em coisas invis\u00edveis e em conceitos abstratos e aceitar, por exemplo, o princ\u00edpio matem\u00e1tico 2 + 2 = 4. Por meio dessa a\u00e7\u00e3o espiritual, conseguimos apreender intuitivamente coisas que ainda n\u00e3o podem ser comprovadas com elementos concretos do mundo exterior. Pela capacidade intuitiva de apreender a ess\u00eancia, podemos manter a cren\u00e7a em tais coisas at\u00e9 tomarmo-nos capazes de v\u00ea-las concretamente, e n\u00e3o apenas ter uma vaga ideia acerca delas. A f\u00e9 verdadeira consiste em apreender a ess\u00eancia das coisas.<br \/>\nEm qualquer \u00e9poca, os religiosos conseguiram entre-gar-se plenamente a Deus invis\u00edvel. Os que n\u00e3o gostavam do termo Deus entregavam-se totalmente a um ideal. Ter um ideal \u00e9 ter f\u00e9 inabal\u00e1vel naquilo que n\u00e3o se v\u00ea, mas cuja exist\u00eancia se apreende intuitivamente. Pode-se dizer, pois, que \u00e9 sabedoria da alma. Portanto, a f\u00e9 inabal\u00e1vel conduz infalivelmente \u00e0 realiza\u00e7\u00e3o daquilo em que se cr\u00ea.<\/p>\n<p style=\"text-align: center;\">\n<strong>A f\u00e9 verdadeira prov\u00e9m da sabedoria da alma<\/strong><br \/>\nPara voc\u00ea obter a independ\u00eancia espiritual, em pri-meiro lugar deve adquirir a f\u00e9 verdadeira, que prov\u00e9m da sabedoria da alma. A f\u00e9 verdadeira consiste em conhecer a pr\u00f3pria natureza divina, pela sabedoria da alma. Essa f\u00e9 foi o alicerce da vida de milhares de pessoas que alcan\u00e7aram grande enaltecimento espiritual. Se voc\u00ea quer se elevar espiritualmente, deve adquirir a f\u00e9 verdadeira, proveniente da sabedoria da alma. Voc\u00ea deve se conscientizar de que a sabedoria da alma \u00e9 essencial para o ser humano conseguir a sua independ\u00eancia espiritual e consolidar a sua autonomia. Cristo disse: \u201cQue aproveitar\u00e1 a um homem ganhar todo o mundo, se vier a perder a sua alma?\u201d. Realmente, a alma \u00e9 exist\u00eancia verdadeira e perene, que est\u00e1 acima de todas as coisas fenom\u00eanicas do mundo.<br \/>\nAt\u00e9 agora, muitas religi\u00f5es vinham pregando a f\u00e9 na salva\u00e7\u00e3o ap\u00f3s a morte. Por isso, muitos jovens achavam que religi\u00e3o era desnecess\u00e1ria para eles. Mas eu digo que os jovens n\u00e3o devem ter a ideia equivocada de que a salva\u00e7\u00e3o de Deus s\u00f3 pode ser alcan\u00e7ada na vida ap\u00f3s a morte. \u00c9 preciso acreditar em Deus que oferece a salva\u00e7\u00e3o nesta vida, em Deus presente no interior de cada um de n\u00f3s e que pode ser descoberto gra\u00e7as \u00e0 sabedoria da alma. N\u00e3o devemos considerar a ressurrei\u00e7\u00e3o do Cristo apenas como um fato ocorrido com o homem Jesus h\u00e1 2.000 anos. Devemos promover a ressurrei\u00e7\u00e3o do Cristo interior que est\u00e1 dentro de cada um de n\u00f3s e, como reflexo disso, descobrir Deus em nossa vida pr\u00e1tica, em nossa viv\u00eancia neste mundo, conseguir a nossa pr\u00f3pria salva\u00e7\u00e3o e a dos outros e contribuir para tornar feliz a humanidade.<\/p>\n","protected":false},"excerpt":{"rendered":"<p>A f\u00e9 consiste em apreender a ess\u00eancia invis\u00edvel de coisas e fatos Por que ser\u00e1 que Deus, com Sua onipot\u00eancia, n\u00e3o criou \u00e1rSe voc\u00ea deseja retomar ao caminho glorioso e livre que lhe cabe trilhar na qualidade de um filho de Deus, em primeiro lugar deve obter a independ\u00eancia do seu esp\u00edrito. Para obter essa [&hellip;]<\/p>\n","protected":false},"author":96,"featured_media":0,"comment_status":"closed","ping_status":"closed","sticky":false,"template":"","format":"standard","meta":{"footnotes":""},"categories":[263],"tags":[],"class_list":["post-129926","post","type-post","status-publish","format-standard","hentry","category-jane-aragao"],"_links":{"self":[{"href":"https:\/\/diarioregionaldigital.com.br\/index.php?rest_route=\/wp\/v2\/posts\/129926","targetHints":{"allow":["GET"]}}],"collection":[{"href":"https:\/\/diarioregionaldigital.com.br\/index.php?rest_route=\/wp\/v2\/posts"}],"about":[{"href":"https:\/\/diarioregionaldigital.com.br\/index.php?rest_route=\/wp\/v2\/types\/post"}],"author":[{"embeddable":true,"href":"https:\/\/diarioregionaldigital.com.br\/index.php?rest_route=\/wp\/v2\/users\/96"}],"replies":[{"embeddable":true,"href":"https:\/\/diarioregionaldigital.com.br\/index.php?rest_route=%2Fwp%2Fv2%2Fcomments&post=129926"}],"version-history":[{"count":0,"href":"https:\/\/diarioregionaldigital.com.br\/index.php?rest_route=\/wp\/v2\/posts\/129926\/revisions"}],"wp:attachment":[{"href":"https:\/\/diarioregionaldigital.com.br\/index.php?rest_route=%2Fwp%2Fv2%2Fmedia&parent=129926"}],"wp:term":[{"taxonomy":"category","embeddable":true,"href":"https:\/\/diarioregionaldigital.com.br\/index.php?rest_route=%2Fwp%2Fv2%2Fcategories&post=129926"},{"taxonomy":"post_tag","embeddable":true,"href":"https:\/\/diarioregionaldigital.com.br\/index.php?rest_route=%2Fwp%2Fv2%2Ftags&post=129926"}],"curies":[{"name":"wp","href":"https:\/\/api.w.org\/{rel}","templated":true}]}}