{"id":129913,"date":"2019-01-06T06:00:11","date_gmt":"2019-01-06T08:00:11","guid":{"rendered":"https:\/\/diarioregionaldigital.com.br\/?p=129913"},"modified":"2019-01-03T21:17:33","modified_gmt":"2019-01-03T23:17:33","slug":"red-carpet","status":"publish","type":"post","link":"https:\/\/diarioregionaldigital.com.br\/?p=129913","title":{"rendered":"\u201cRed Carpet\u201d"},"content":{"rendered":"<p style=\"text-align: center;\"><strong>Novidade<\/strong><\/p>\n<p style=\"text-align: center;\">Os empreendedores Marcelo Machado e Marcelo Mendon\u00e7a anunciaram a inaugura\u00e7\u00e3o do megaempreendimento que vai transformar as antigas instala\u00e7\u00f5es do Moinho Vera Cruz, na zona Norte em lojas, apartamentos com estruturas hipermodernas.<\/p>\n<p style=\"text-align: center;\"><strong>Em Alta<\/strong><\/p>\n<p style=\"text-align: center;\">A Sinercon &#8211; N\u00facleo Contadores Consultores, presidida por M\u00e1rcio Willian Furtado, foi homenageada com medalha comemorativa pelos 50 anos da Receita Federal, entregue pelo delegado da RF em Juiz de Fora, Leonardo Couto Sobral.<\/p>\n<p style=\"text-align: center;\"><strong>Cariocando<\/strong><\/p>\n<p style=\"text-align: center;\">No ver\u00e3o escaldante do Rio de Janeiro a moda \u00e9 ir de patinete a praia e tamb\u00e9m ao trabalho. Na orla disputa espa\u00e7o com as bikes laranjinhas. O equipamento el\u00e9trico chegou chegando e pode ser alugado. Boa.<\/p>\n<p style=\"text-align: center;\"><strong>Sucesso<\/strong><\/p>\n<p style=\"text-align: center;\">Carism\u00e1tico e positivo, o blogueiro Fl\u00e1vio Fusco circulou pleno pelo Viajar Pra Sempre, voltado para viajantes profissionais, em S\u00e3o Paulo.<\/p>\n<p style=\"text-align: center;\"><strong>M\u00e9<\/strong><\/p>\n<p style=\"text-align: center;\">Certamente a proposta do futuro Ministro da Cidadania, Osmar Terra, de limitar a venda de bebidas alco\u00f3licas a partir de determinado hor\u00e1rio, ser\u00e1 duramente criticado. Por\u00e9m pela primeira vez surge uma voz corajosa que decide enfrentar tema t\u00e3o delicado.<\/p>\n<p style=\"text-align: center;\"><strong>Olha s\u00f3<\/strong><\/p>\n<p style=\"text-align: center;\">A Louis Vuitton, um luxo que d\u00f3i, que comprou o Hotel Copacabana Palace (Rio) do grupo Belmont, ser\u00e1 chamada judicialmente para pagar uma d\u00edvida de mais de R$ 100 milh\u00f5es cobrada pela fam\u00edlia carioca Paula Machado. O caso se arrasta desde 1998.<\/p>\n<p style=\"text-align: center;\"><strong>Estudioso<\/strong><\/p>\n<p style=\"text-align: center;\">Diretor geral das Faculdades Integradas Vianna J\u00fanior, Luis Ant\u00f4nio de Aguiar Bittencourt, fez bonito em 2018. Ele concluiu com sucesso o trabalho final no MBA em Administra\u00e7\u00e3o Acad\u00eamica e Universit\u00e1ria pela Carta Consulta.<\/p>\n<p style=\"text-align: center;\"><strong>Not\u00edcia<\/strong><\/p>\n<p style=\"text-align: center;\">Durante cerim\u00f4nia pelas comemora\u00e7\u00f5es dos 10 anos da Guarda Municipal em Juiz de Fora, o prefeito Ant\u00f4nio Almas (PSDB) declarou que est\u00e1 em andamento o processo de contrata\u00e7\u00e3o de mais 24 novos guardas com a finalidade de fortalecer a equipe que j\u00e1 conta, atualmente, com 93 profissionais.<\/p>\n<p style=\"text-align: center;\"><strong>Contratos<\/strong><\/p>\n<p style=\"text-align: center;\">Foi muito pequena a contrata\u00e7\u00e3o de empregados para o Natal em Juiz de Fora. Uma pesquisa com quase 6 mil empreendedores comprovaram que 80% deles n\u00e3o fizeram contrata\u00e7\u00f5es para o Natal. De acordo com os analistas do Sebrae Minas, a cautela dos empres\u00e1rios aconteceu devido a uma expectativa moderada em rela\u00e7\u00e3o as vendas.<\/p>\n<p style=\"text-align: center;\"><strong>Cena Real<\/strong><\/p>\n<p style=\"text-align: center;\">Muito comentada em \u00e2mbito nacional, a Santa Casa de Juiz de Fora \u00e9 a maior transplantadora renal de Minas, em pesquisa feita pela Associa\u00e7\u00e3o Brasileira de Transplantes. Mesmo com baixo \u00edndice de doa\u00e7\u00f5es, de janeiro a setembro foram realizados 66 transplantes no hospital, ficando \u00e0 frente do Hospital Fel\u00edcio Rocho, de Belo Horizonte.<\/p>\n<p style=\"text-align: center;\"><span style=\"font-size: 14pt;\"><strong>\u201cRed Carpet\u201d<\/strong><\/span><\/p>\n<p style=\"text-align: center;\">Tendo como cen\u00e1rio a sede social da ASE, o produtor Crys Santos da Discovery Models promoveu a festa Red Carpet. Desfiles, apresenta\u00e7\u00f5es musicais, show e o concurso Bela \u00c1frica pontuaram na noite. Em fotos especiais, registramos convidados, participantes e homenageados, em cliques de Maria Souza, F\u00e1tima Coutinho, Widney e Cl\u00e1udio.<\/p>\n<div id=\"attachment_129825\" style=\"width: 690px\" class=\"wp-caption aligncenter\"><img loading=\"lazy\" decoding=\"async\" aria-describedby=\"caption-attachment-129825\" class=\"wp-image-129825\" src=\"https:\/\/diarioregionaldigital.com.br\/wp-content\/uploads\/2019\/01\/fotoa-3-e1546556646477.jpg\" alt=\"\" width=\"680\" height=\"493\" srcset=\"https:\/\/diarioregionaldigital.com.br\/wp-content\/uploads\/2019\/01\/fotoa-3-e1546556646477.jpg 717w, https:\/\/diarioregionaldigital.com.br\/wp-content\/uploads\/2019\/01\/fotoa-3-e1546556646477-300x218.jpg 300w, https:\/\/diarioregionaldigital.com.br\/wp-content\/uploads\/2019\/01\/fotoa-3-e1546556646477-360x261.jpg 360w\" sizes=\"auto, (max-width: 680px) 100vw, 680px\" \/><p id=\"caption-attachment-129825\" class=\"wp-caption-text\">Crys Santos e Lenin Ribeiro produtores do 2\u00ba Concurso Ra\u00edzes Beleza Negra 2018, com os vencedores, Carolina Lemos e Rafael Calito<\/p><\/div>\n<div id=\"attachment_129826\" style=\"width: 690px\" class=\"wp-caption aligncenter\"><img loading=\"lazy\" decoding=\"async\" aria-describedby=\"caption-attachment-129826\" class=\"wp-image-129826\" src=\"https:\/\/diarioregionaldigital.com.br\/wp-content\/uploads\/2019\/01\/fotoaa-e1546556818234.jpg\" alt=\"\" width=\"680\" height=\"489\" srcset=\"https:\/\/diarioregionaldigital.com.br\/wp-content\/uploads\/2019\/01\/fotoaa-e1546556818234.jpg 719w, https:\/\/diarioregionaldigital.com.br\/wp-content\/uploads\/2019\/01\/fotoaa-e1546556818234-300x216.jpg 300w, https:\/\/diarioregionaldigital.com.br\/wp-content\/uploads\/2019\/01\/fotoaa-e1546556818234-360x259.jpg 360w\" sizes=\"auto, (max-width: 680px) 100vw, 680px\" \/><p id=\"caption-attachment-129826\" class=\"wp-caption-text\">Leonardo Jesus<\/p><\/div>\n<div id=\"attachment_129827\" style=\"width: 690px\" class=\"wp-caption aligncenter\"><img loading=\"lazy\" decoding=\"async\" aria-describedby=\"caption-attachment-129827\" class=\"wp-image-129827\" src=\"https:\/\/diarioregionaldigital.com.br\/wp-content\/uploads\/2019\/01\/fotob-2.jpg\" alt=\"\" width=\"680\" height=\"453\" srcset=\"https:\/\/diarioregionaldigital.com.br\/wp-content\/uploads\/2019\/01\/fotob-2.jpg 960w, https:\/\/diarioregionaldigital.com.br\/wp-content\/uploads\/2019\/01\/fotob-2-300x200.jpg 300w, https:\/\/diarioregionaldigital.com.br\/wp-content\/uploads\/2019\/01\/fotob-2-768x512.jpg 768w, https:\/\/diarioregionaldigital.com.br\/wp-content\/uploads\/2019\/01\/fotob-2-360x240.jpg 360w\" sizes=\"auto, (max-width: 680px) 100vw, 680px\" \/><p id=\"caption-attachment-129827\" class=\"wp-caption-text\">O cantor Will Oliver e Crys Santos<\/p><\/div>\n<div id=\"attachment_129828\" style=\"width: 690px\" class=\"wp-caption aligncenter\"><img loading=\"lazy\" decoding=\"async\" aria-describedby=\"caption-attachment-129828\" class=\"wp-image-129828\" src=\"https:\/\/diarioregionaldigital.com.br\/wp-content\/uploads\/2019\/01\/fotoc-2.jpg\" alt=\"\" width=\"680\" height=\"453\" srcset=\"https:\/\/diarioregionaldigital.com.br\/wp-content\/uploads\/2019\/01\/fotoc-2.jpg 960w, https:\/\/diarioregionaldigital.com.br\/wp-content\/uploads\/2019\/01\/fotoc-2-300x200.jpg 300w, https:\/\/diarioregionaldigital.com.br\/wp-content\/uploads\/2019\/01\/fotoc-2-768x512.jpg 768w, https:\/\/diarioregionaldigital.com.br\/wp-content\/uploads\/2019\/01\/fotoc-2-360x240.jpg 360w\" sizes=\"auto, (max-width: 680px) 100vw, 680px\" \/><p id=\"caption-attachment-129828\" class=\"wp-caption-text\">Parafuso Solto<\/p><\/div>\n<div id=\"attachment_129829\" style=\"width: 690px\" class=\"wp-caption aligncenter\"><img loading=\"lazy\" decoding=\"async\" aria-describedby=\"caption-attachment-129829\" class=\"wp-image-129829\" src=\"https:\/\/diarioregionaldigital.com.br\/wp-content\/uploads\/2019\/01\/fotod-2.jpg\" alt=\"\" width=\"680\" height=\"453\" srcset=\"https:\/\/diarioregionaldigital.com.br\/wp-content\/uploads\/2019\/01\/fotod-2.jpg 960w, https:\/\/diarioregionaldigital.com.br\/wp-content\/uploads\/2019\/01\/fotod-2-300x200.jpg 300w, https:\/\/diarioregionaldigital.com.br\/wp-content\/uploads\/2019\/01\/fotod-2-768x511.jpg 768w, https:\/\/diarioregionaldigital.com.br\/wp-content\/uploads\/2019\/01\/fotod-2-360x240.jpg 360w\" sizes=\"auto, (max-width: 680px) 100vw, 680px\" \/><p id=\"caption-attachment-129829\" class=\"wp-caption-text\">Os jurados David Telles e Eduardo Gomes<\/p><\/div>\n<div id=\"attachment_129830\" style=\"width: 690px\" class=\"wp-caption aligncenter\"><img loading=\"lazy\" decoding=\"async\" aria-describedby=\"caption-attachment-129830\" class=\"wp-image-129830\" src=\"https:\/\/diarioregionaldigital.com.br\/wp-content\/uploads\/2019\/01\/fotoe-2.jpg\" alt=\"\" width=\"680\" height=\"453\" srcset=\"https:\/\/diarioregionaldigital.com.br\/wp-content\/uploads\/2019\/01\/fotoe-2.jpg 960w, https:\/\/diarioregionaldigital.com.br\/wp-content\/uploads\/2019\/01\/fotoe-2-300x200.jpg 300w, https:\/\/diarioregionaldigital.com.br\/wp-content\/uploads\/2019\/01\/fotoe-2-768x512.jpg 768w, https:\/\/diarioregionaldigital.com.br\/wp-content\/uploads\/2019\/01\/fotoe-2-360x240.jpg 360w\" sizes=\"auto, (max-width: 680px) 100vw, 680px\" \/><p id=\"caption-attachment-129830\" class=\"wp-caption-text\">Crys Santos e Mister Brasil Internacional 2019, Ricardo Almeida<\/p><\/div>\n<div id=\"attachment_129832\" style=\"width: 690px\" class=\"wp-caption aligncenter\"><img loading=\"lazy\" decoding=\"async\" aria-describedby=\"caption-attachment-129832\" class=\"wp-image-129832\" src=\"https:\/\/diarioregionaldigital.com.br\/wp-content\/uploads\/2019\/01\/fotog-2-e1546556756400.jpg\" alt=\"\" width=\"680\" height=\"465\" srcset=\"https:\/\/diarioregionaldigital.com.br\/wp-content\/uploads\/2019\/01\/fotog-2-e1546556756400.jpg 562w, https:\/\/diarioregionaldigital.com.br\/wp-content\/uploads\/2019\/01\/fotog-2-e1546556756400-300x205.jpg 300w, https:\/\/diarioregionaldigital.com.br\/wp-content\/uploads\/2019\/01\/fotog-2-e1546556756400-360x246.jpg 360w\" sizes=\"auto, (max-width: 680px) 100vw, 680px\" \/><p id=\"caption-attachment-129832\" class=\"wp-caption-text\">Allison Luis e Crys Santos<\/p><\/div>\n<div id=\"attachment_129833\" style=\"width: 690px\" class=\"wp-caption aligncenter\"><img loading=\"lazy\" decoding=\"async\" aria-describedby=\"caption-attachment-129833\" class=\"wp-image-129833\" src=\"https:\/\/diarioregionaldigital.com.br\/wp-content\/uploads\/2019\/01\/fotoh-2-e1546556843642.jpg\" alt=\"\" width=\"680\" height=\"507\" srcset=\"https:\/\/diarioregionaldigital.com.br\/wp-content\/uploads\/2019\/01\/fotoh-2-e1546556843642.jpg 720w, https:\/\/diarioregionaldigital.com.br\/wp-content\/uploads\/2019\/01\/fotoh-2-e1546556843642-300x224.jpg 300w, https:\/\/diarioregionaldigital.com.br\/wp-content\/uploads\/2019\/01\/fotoh-2-e1546556843642-360x269.jpg 360w\" sizes=\"auto, (max-width: 680px) 100vw, 680px\" \/><p id=\"caption-attachment-129833\" class=\"wp-caption-text\">O modelo e cantor Henrique Ribeiro<\/p><\/div>\n<div id=\"attachment_129834\" style=\"width: 690px\" class=\"wp-caption aligncenter\"><img loading=\"lazy\" decoding=\"async\" aria-describedby=\"caption-attachment-129834\" class=\"wp-image-129834\" src=\"https:\/\/diarioregionaldigital.com.br\/wp-content\/uploads\/2019\/01\/fotoi-2.jpg\" alt=\"\" width=\"680\" height=\"453\" srcset=\"https:\/\/diarioregionaldigital.com.br\/wp-content\/uploads\/2019\/01\/fotoi-2.jpg 960w, https:\/\/diarioregionaldigital.com.br\/wp-content\/uploads\/2019\/01\/fotoi-2-300x200.jpg 300w, https:\/\/diarioregionaldigital.com.br\/wp-content\/uploads\/2019\/01\/fotoi-2-768x512.jpg 768w, https:\/\/diarioregionaldigital.com.br\/wp-content\/uploads\/2019\/01\/fotoi-2-360x240.jpg 360w\" sizes=\"auto, (max-width: 680px) 100vw, 680px\" \/><p id=\"caption-attachment-129834\" class=\"wp-caption-text\">Crys Santos ladeando os fot\u00f3grafos Widney e Cl\u00e1udio<\/p><\/div>\n<div id=\"attachment_129835\" style=\"width: 690px\" class=\"wp-caption aligncenter\"><img loading=\"lazy\" decoding=\"async\" aria-describedby=\"caption-attachment-129835\" class=\"wp-image-129835\" src=\"https:\/\/diarioregionaldigital.com.br\/wp-content\/uploads\/2019\/01\/fotoj-2.jpg\" alt=\"\" width=\"680\" height=\"453\" srcset=\"https:\/\/diarioregionaldigital.com.br\/wp-content\/uploads\/2019\/01\/fotoj-2.jpg 960w, https:\/\/diarioregionaldigital.com.br\/wp-content\/uploads\/2019\/01\/fotoj-2-300x200.jpg 300w, https:\/\/diarioregionaldigital.com.br\/wp-content\/uploads\/2019\/01\/fotoj-2-768x512.jpg 768w, https:\/\/diarioregionaldigital.com.br\/wp-content\/uploads\/2019\/01\/fotoj-2-360x240.jpg 360w\" sizes=\"auto, (max-width: 680px) 100vw, 680px\" \/><p id=\"caption-attachment-129835\" class=\"wp-caption-text\">Banda Muamba<\/p><\/div>\n<div id=\"attachment_129836\" style=\"width: 690px\" class=\"wp-caption aligncenter\"><img loading=\"lazy\" decoding=\"async\" aria-describedby=\"caption-attachment-129836\" class=\"wp-image-129836\" src=\"https:\/\/diarioregionaldigital.com.br\/wp-content\/uploads\/2019\/01\/fotol-2.jpg\" alt=\"\" width=\"680\" height=\"453\" srcset=\"https:\/\/diarioregionaldigital.com.br\/wp-content\/uploads\/2019\/01\/fotol-2.jpg 960w, https:\/\/diarioregionaldigital.com.br\/wp-content\/uploads\/2019\/01\/fotol-2-300x200.jpg 300w, https:\/\/diarioregionaldigital.com.br\/wp-content\/uploads\/2019\/01\/fotol-2-768x512.jpg 768w, https:\/\/diarioregionaldigital.com.br\/wp-content\/uploads\/2019\/01\/fotol-2-360x240.jpg 360w\" sizes=\"auto, (max-width: 680px) 100vw, 680px\" \/><p id=\"caption-attachment-129836\" class=\"wp-caption-text\">Crys Santos e Lenin Ribeiro<\/p><\/div>\n<p>&nbsp;<\/p>\n","protected":false},"excerpt":{"rendered":"<p>Novidade Os empreendedores Marcelo Machado e Marcelo Mendon\u00e7a anunciaram a inaugura\u00e7\u00e3o do megaempreendimento que vai transformar as antigas instala\u00e7\u00f5es do Moinho Vera Cruz, na zona Norte em lojas, apartamentos com estruturas hipermodernas. Em Alta A Sinercon &#8211; N\u00facleo Contadores Consultores, presidida por M\u00e1rcio Willian Furtado, foi homenageada com medalha comemorativa pelos 50 anos da Receita [&hellip;]<\/p>\n","protected":false},"author":96,"featured_media":129916,"comment_status":"closed","ping_status":"closed","sticky":false,"template":"","format":"standard","meta":{"footnotes":""},"categories":[264],"tags":[],"class_list":["post-129913","post","type-post","status-publish","format-standard","has-post-thumbnail","hentry","category-eduardo-gomes"],"_links":{"self":[{"href":"https:\/\/diarioregionaldigital.com.br\/index.php?rest_route=\/wp\/v2\/posts\/129913","targetHints":{"allow":["GET"]}}],"collection":[{"href":"https:\/\/diarioregionaldigital.com.br\/index.php?rest_route=\/wp\/v2\/posts"}],"about":[{"href":"https:\/\/diarioregionaldigital.com.br\/index.php?rest_route=\/wp\/v2\/types\/post"}],"author":[{"embeddable":true,"href":"https:\/\/diarioregionaldigital.com.br\/index.php?rest_route=\/wp\/v2\/users\/96"}],"replies":[{"embeddable":true,"href":"https:\/\/diarioregionaldigital.com.br\/index.php?rest_route=%2Fwp%2Fv2%2Fcomments&post=129913"}],"version-history":[{"count":0,"href":"https:\/\/diarioregionaldigital.com.br\/index.php?rest_route=\/wp\/v2\/posts\/129913\/revisions"}],"wp:featuredmedia":[{"embeddable":true,"href":"https:\/\/diarioregionaldigital.com.br\/index.php?rest_route=\/wp\/v2\/media\/129916"}],"wp:attachment":[{"href":"https:\/\/diarioregionaldigital.com.br\/index.php?rest_route=%2Fwp%2Fv2%2Fmedia&parent=129913"}],"wp:term":[{"taxonomy":"category","embeddable":true,"href":"https:\/\/diarioregionaldigital.com.br\/index.php?rest_route=%2Fwp%2Fv2%2Fcategories&post=129913"},{"taxonomy":"post_tag","embeddable":true,"href":"https:\/\/diarioregionaldigital.com.br\/index.php?rest_route=%2Fwp%2Fv2%2Ftags&post=129913"}],"curies":[{"name":"wp","href":"https:\/\/api.w.org\/{rel}","templated":true}]}}